{"id":3609,"date":"2012-05-18T14:15:50","date_gmt":"2012-05-18T14:15:50","guid":{"rendered":"https:\/\/www.minicity.it\/blog\/?p=3609"},"modified":"2012-05-18T14:15:50","modified_gmt":"2012-05-18T14:15:50","slug":"marche-un-piano-triennale-per-il-turismo","status":"publish","type":"post","link":"https:\/\/www.minicity.it\/blog\/2012\/05\/marche-un-piano-triennale-per-il-turismo\/","title":{"rendered":"Marche: un piano triennale per il turismo"},"content":{"rendered":"<p><strong><a href=\"https:\/\/www.minicity.it\/blog\/wp-content\/uploads\/2012\/05\/pianoturismomarche.jpg\"><img loading=\"lazy\" decoding=\"async\" class=\"alignleft size-full wp-image-3610\" title=\"pianoturismomarche\" src=\"https:\/\/www.minicity.it\/blog\/wp-content\/uploads\/2012\/05\/pianoturismomarche.jpg\" alt=\"\" width=\"200\" height=\"131\" \/><\/a>La regione Marche<\/strong> ha redatto un <strong>piano turistico<\/strong>. Si tratta di un grande <strong>progetto triennale che copre il periodo 2012<\/strong> \u2013 2014 e che \u00e8 stato varato dall&#8217;assemblea della regione luned\u00ec scorso. Con questo piano la giunta regionale ha deciso di destinare a questo settore ben 9 milioni di euro. Lo ha annunciato Gian Mario Spacca, presidente della Regione, che<!--more--> ha sottolineato come questo investimento sia uno strumento per costruire una politica pi\u00f9 solida per le Marche.<\/p>\n<p>Spacca ha definito il turismo uno dei settore trainanti dell&#8217;economia marchigiana, un settore sul quale investire per uscire dalla crisi. <strong>Come?<\/strong> Investendo sull&#8217;industria manifatturiera, sul brand Marche, sulla natura e sulla cultura regionale. Lo scopo \u00e8 attirare ancora pi\u00f9 turisti, soprattutto stranieri, preparando un&#8217;offerta all&#8217;altezza del mercato basata sull&#8217;identit\u00e0 della Regione.<\/p>\n<p>Ricordiamo che la Regione Marche sta attuando una politica turistica forte e coordinata: tutti ricorderanno gli spot con l&#8217;attore americano <strong>Dustin Hoffman<\/strong>, (\u201cMarche. Le scoprirai all\u2019infinito\u201d) e gli investimenti sulla promozione all&#8217;estero della regione (in Cina, in America, in Europa).<\/p>\n<p><strong>Oggi le Marche possono contare numeri di rispetto<\/strong>: 3.600 strutture ricettive, quasi 150 mila letto totali e diverse localit\u00e0 rinomate a livello europeo, come Gabicce Mare, San Benedetto del Tronto, Fano e Pesaro. Ricordiamo anche che alle Marche sono recentemente state assegnate ben 16 bandiere Blu, il riconoscimento assegnato dalla Fondazione per l&#8217;educazione ambientale (Fee) alle localit\u00e0 che si sono distinte nel turismo, non solo per l&#8217;ambiente, ma anche per lo sviluppo delle strutture ricettive (hotel, alberghi, stabilimenti balneari), per la sostenibilit\u00e0 e l&#8217;accessibilit\u00e0 degli stessi.<\/p>\n","protected":false},"excerpt":{"rendered":"<p>La regione Marche ha redatto un piano turistico. Si tratta di un grande progetto triennale che copre il periodo 2012 &ndash; 2014 e che &egrave; stato varato dall&rsquo;assemblea della regione luned&igrave; scorso. Con questo piano la giunta regionale ha deciso di destinare a questo settore ben 9 milioni di euro. Lo ha annunciato Gian Mario &#8230;<a class=\"post-readmore\" href=\"https:\/\/www.minicity.it\/blog\/2012\/05\/marche-un-piano-triennale-per-il-turismo\/\">read more<\/a><\/p>\n","protected":false},"author":5,"featured_media":0,"comment_status":"open","ping_status":"open","sticky":false,"template":"","format":"standard","meta":{"footnotes":""},"categories":[3],"tags":[32,5],"class_list":["post-3609","post","type-post","status-publish","format-standard","hentry","category-turismo","tag-marche","tag-notizie"],"aioseo_notices":[],"_links":{"self":[{"href":"https:\/\/www.minicity.it\/blog\/wp-json\/wp\/v2\/posts\/3609","targetHints":{"allow":["GET"]}}],"collection":[{"href":"https:\/\/www.minicity.it\/blog\/wp-json\/wp\/v2\/posts"}],"about":[{"href":"https:\/\/www.minicity.it\/blog\/wp-json\/wp\/v2\/types\/post"}],"author":[{"embeddable":true,"href":"https:\/\/www.minicity.it\/blog\/wp-json\/wp\/v2\/users\/5"}],"replies":[{"embeddable":true,"href":"https:\/\/www.minicity.it\/blog\/wp-json\/wp\/v2\/comments?post=3609"}],"version-history":[{"count":0,"href":"https:\/\/www.minicity.it\/blog\/wp-json\/wp\/v2\/posts\/3609\/revisions"}],"wp:attachment":[{"href":"https:\/\/www.minicity.it\/blog\/wp-json\/wp\/v2\/media?parent=3609"}],"wp:term":[{"taxonomy":"category","embeddable":true,"href":"https:\/\/www.minicity.it\/blog\/wp-json\/wp\/v2\/categories?post=3609"},{"taxonomy":"post_tag","embeddable":true,"href":"https:\/\/www.minicity.it\/blog\/wp-json\/wp\/v2\/tags?post=3609"}],"curies":[{"name":"wp","href":"https:\/\/api.w.org\/{rel}","templated":true}]}}