{"id":361,"date":"2011-02-28T11:13:49","date_gmt":"2011-02-28T11:13:49","guid":{"rendered":"https:\/\/www.minicity.it\/blog\/?p=361"},"modified":"2011-02-28T11:13:49","modified_gmt":"2011-02-28T11:13:49","slug":"lo-shopping-a-ravenna-si-veste-di-risorgimento","status":"publish","type":"post","link":"https:\/\/www.minicity.it\/blog\/2011\/02\/lo-shopping-a-ravenna-si-veste-di-risorgimento\/","title":{"rendered":"Lo shopping a Ravenna si veste di Risorgimento"},"content":{"rendered":"<p>Il prossimo 17 marzo \u00e8 la festa dell&#8217;Unit\u00e0 d&#8217;Italia. Nonostante le mille polemiche sulla festivit\u00e0 o no della data, numerosi sono gli eventi che si stanno organizzando per celebrarla. I negozi della citt\u00e0 di Ravenna si stanno ricoprendo, per l&#8217;occasione, di tricolori in tutte le vetrine per ricordare i Risorgimento italiano e l&#8217;Unit\u00e0 del Paese.<\/p>\n<p>L&#8217;iniziativa, lanciata la settimana scorsa, si sta diffondendo in sempre pi\u00f9 esercizi commerciali e in Piazza del Popolo \u00e8 stato attrezzato un mega schermo che fa il countdown dei giorni che mancano al 17 marzo, cio\u00e8 alla \u201cNotte Tricolore\u201d.<\/p>\n","protected":false},"excerpt":{"rendered":"<p>Il prossimo 17 marzo &egrave; la festa dell&rsquo;Unit&agrave; d&rsquo;Italia. Nonostante le mille polemiche sulla festivit&agrave; o no della data, numerosi sono gli eventi che si stanno organizzando per celebrarla. I negozi della citt&agrave; di Ravenna si stanno ricoprendo, per l&rsquo;occasione, di tricolori in tutte le vetrine per ricordare i Risorgimento italiano e l&rsquo;Unit&agrave; del Paese. &#8230;<a class=\"post-readmore\" href=\"https:\/\/www.minicity.it\/blog\/2011\/02\/lo-shopping-a-ravenna-si-veste-di-risorgimento\/\">read more<\/a><\/p>\n","protected":false},"author":1,"featured_media":0,"comment_status":"open","ping_status":"open","sticky":false,"template":"","format":"standard","meta":{"footnotes":""},"categories":[3],"tags":[33],"class_list":["post-361","post","type-post","status-publish","format-standard","hentry","category-turismo","tag-eventi-riviera"],"aioseo_notices":[],"_links":{"self":[{"href":"https:\/\/www.minicity.it\/blog\/wp-json\/wp\/v2\/posts\/361","targetHints":{"allow":["GET"]}}],"collection":[{"href":"https:\/\/www.minicity.it\/blog\/wp-json\/wp\/v2\/posts"}],"about":[{"href":"https:\/\/www.minicity.it\/blog\/wp-json\/wp\/v2\/types\/post"}],"author":[{"embeddable":true,"href":"https:\/\/www.minicity.it\/blog\/wp-json\/wp\/v2\/users\/1"}],"replies":[{"embeddable":true,"href":"https:\/\/www.minicity.it\/blog\/wp-json\/wp\/v2\/comments?post=361"}],"version-history":[{"count":0,"href":"https:\/\/www.minicity.it\/blog\/wp-json\/wp\/v2\/posts\/361\/revisions"}],"wp:attachment":[{"href":"https:\/\/www.minicity.it\/blog\/wp-json\/wp\/v2\/media?parent=361"}],"wp:term":[{"taxonomy":"category","embeddable":true,"href":"https:\/\/www.minicity.it\/blog\/wp-json\/wp\/v2\/categories?post=361"},{"taxonomy":"post_tag","embeddable":true,"href":"https:\/\/www.minicity.it\/blog\/wp-json\/wp\/v2\/tags?post=361"}],"curies":[{"name":"wp","href":"https:\/\/api.w.org\/{rel}","templated":true}]}}