{"id":3674,"date":"2012-05-31T11:08:32","date_gmt":"2012-05-31T11:08:32","guid":{"rendered":"https:\/\/www.minicity.it\/blog\/?p=3674"},"modified":"2012-05-31T11:08:32","modified_gmt":"2012-05-31T11:08:32","slug":"continua-il-lancio-del-brand-il-mare-di-romagna","status":"publish","type":"post","link":"https:\/\/www.minicity.it\/blog\/2012\/05\/continua-il-lancio-del-brand-il-mare-di-romagna\/","title":{"rendered":"Continua il lancio del brand &#8220;Il Mare di Romagna&#8221;"},"content":{"rendered":"<p><img loading=\"lazy\" decoding=\"async\" class=\"aligncenter size-full wp-image-3675\" title=\"ilmareinromagna\" src=\"https:\/\/www.minicity.it\/blog\/wp-content\/uploads\/2012\/05\/ilmareinromagna.jpg\" alt=\"\" width=\"500\" height=\"293\" \/><br \/>\nAlla fine di aprile \u00e8 stato lanciato un nuovo <strong>brand sul territorio della Riviera Romagnola<\/strong>. Si tratta di <strong>&#8220;Il Mare di Romagna&#8221;<\/strong>, un marchio che riunisce i <strong>Comuni di Cesenatico, Gatteo Mare, Savignano sul Rubicone e San Mauro Pascoli<\/strong>, tutti facenti parte della Provincia di Forl\u00ec-Cesena e affacciati sul mare Adriatico. &#8220;Il Mare di Romagna&#8221; \u00e8 marchio che \u00e8 stato<!--more--> promosso dalle amministrazioni comunali di queste cittadine in due occasioni per il momento: lo scorso 29 aprile al centro commerciale il &#8220;Destriero&#8221; a Vittuone e domenica 20 maggio al centro commerciale &#8220;Fiordaliso&#8221; di Rozzano, entrambi nella provincia di Milano.<\/p>\n<p>Per lanciare questo nuovo brand sono stati usati <strong>testimonial di eccezione<\/strong>, come Stefano Tacconi, ex portiere della Juventus e della Nazionale Italiana di calcio, Ivan Quaranta, ex campione di ciclismo, e Francesco Damiano, il famoso &#8220;Giallorenzo&#8221; della trasmissione comica Zelig. Durante le presentazioni si sono organizzate degustazioni di prodotti tipici romagnoli ed \u00e8 stato distribuito materiale informativo, come brochure o d\u00e9pliant sugli hotel e gli alberghi di Cesenatico, Gatteo Mare, Savignano sul Rubicone e San Mauro Pascoli, con le relative offerte per le vacanze e i soggiorni in Riviera Romagnola.<\/p>\n<p>&#8220;Il Mare di Romagna&#8221; nasce da un\u2019idea di Andrea Prada, che \u00e8 anche creatore della famosa festa &#8220;I love city &#8211; Il Festival degli anni &#8217;80&#8221;, che si terr\u00e0 il prossimo fine settimana tra San Mauro, Gatteo e Cesenatico. Il festival verr\u00e0 anche usato come momento ulteriore per far conoscere questo nuovo prodotto.<\/p>\n","protected":false},"excerpt":{"rendered":"<p>Alla fine di aprile &egrave; stato lanciato un nuovo brand sul territorio della Riviera Romagnola. Si tratta di &ldquo;Il Mare di Romagna&rdquo;, un marchio che riunisce i Comuni di Cesenatico, Gatteo Mare, Savignano sul Rubicone e San Mauro Pascoli, tutti facenti parte della Provincia di Forl&igrave;-Cesena e affacciati sul mare Adriatico. &ldquo;Il Mare di Romagna&rdquo; &#8230;<a class=\"post-readmore\" href=\"https:\/\/www.minicity.it\/blog\/2012\/05\/continua-il-lancio-del-brand-il-mare-di-romagna\/\">read more<\/a><\/p>\n","protected":false},"author":7,"featured_media":0,"comment_status":"open","ping_status":"open","sticky":false,"template":"","format":"standard","meta":{"footnotes":""},"categories":[3],"tags":[61,5],"class_list":["post-3674","post","type-post","status-publish","format-standard","hentry","category-turismo","tag-emilia-romagna","tag-notizie"],"aioseo_notices":[],"_links":{"self":[{"href":"https:\/\/www.minicity.it\/blog\/wp-json\/wp\/v2\/posts\/3674","targetHints":{"allow":["GET"]}}],"collection":[{"href":"https:\/\/www.minicity.it\/blog\/wp-json\/wp\/v2\/posts"}],"about":[{"href":"https:\/\/www.minicity.it\/blog\/wp-json\/wp\/v2\/types\/post"}],"author":[{"embeddable":true,"href":"https:\/\/www.minicity.it\/blog\/wp-json\/wp\/v2\/users\/7"}],"replies":[{"embeddable":true,"href":"https:\/\/www.minicity.it\/blog\/wp-json\/wp\/v2\/comments?post=3674"}],"version-history":[{"count":0,"href":"https:\/\/www.minicity.it\/blog\/wp-json\/wp\/v2\/posts\/3674\/revisions"}],"wp:attachment":[{"href":"https:\/\/www.minicity.it\/blog\/wp-json\/wp\/v2\/media?parent=3674"}],"wp:term":[{"taxonomy":"category","embeddable":true,"href":"https:\/\/www.minicity.it\/blog\/wp-json\/wp\/v2\/categories?post=3674"},{"taxonomy":"post_tag","embeddable":true,"href":"https:\/\/www.minicity.it\/blog\/wp-json\/wp\/v2\/tags?post=3674"}],"curies":[{"name":"wp","href":"https:\/\/api.w.org\/{rel}","templated":true}]}}