{"id":3680,"date":"2012-06-01T12:41:23","date_gmt":"2012-06-01T12:41:23","guid":{"rendered":"https:\/\/www.minicity.it\/blog\/?p=3680"},"modified":"2012-09-14T12:20:08","modified_gmt":"2012-09-14T12:20:08","slug":"turismo-a-cervia-e-ravenna-bene-il-primo-trimestre","status":"publish","type":"post","link":"https:\/\/www.minicity.it\/blog\/2012\/06\/turismo-a-cervia-e-ravenna-bene-il-primo-trimestre\/","title":{"rendered":"Turismo a Cervia e Ravenna: bene il primo trimestre"},"content":{"rendered":"<p><img loading=\"lazy\" decoding=\"async\" class=\"aligncenter size-full wp-image-3683\" title=\"turismoacervia\" src=\"https:\/\/www.minicity.it\/blog\/wp-content\/uploads\/2012\/06\/turismoacervia.jpg\" alt=\"\" width=\"500\" height=\"326\" \/><br \/>\nIl <strong>turismo in Provincia di Ravenna<\/strong>, per quanto riguarda il <strong>primo trimestre del 2012 va bene<\/strong>, con una leggere flessione dovuta, si pensa, soprattutto al mal tempo e alla forte neve che ha colpito la regione in febbraio. Stiamo parlando dei dati provinciali del turismo forniti dalle strutture<!--more--> della Provincia. Gli arrivi, a Ravenna e nelle localit\u00e0 limitrofe, sono stati 194.495, per 525.834 presenze, la flessione registrata rispetto al 2011 \u00e8 stata del meno 1.08%, mentre le presenze sono aumentate dello 0,03%.<\/p>\n<p>A portare queste cifre \u00e8 stato sopratutto il mercato di turisti italiano che, nonostante la crisi, ha registrato un pi\u00f9 0,3% per gli arrivi e addirittura un +4,2% per le presenze. Molto bene Ravenna citt\u00e0 d&#8217;arte, ma anche le citt\u00e0 dei lidi ravennati, come Cervia, Milano Marittima e Marina di Ravenna. Cervia, in particolare, ha visto un marzo positivo e un aprile leggermente negativo, anche se sull&#8217;intero trimestre ha registrato oltre 200 mila presenze <a href=\"https:\/\/www.minicity.it\/hotel-cervia.html\" target=\"_blank\">negli hotel e negli alberghi<\/a>. Questo \u00e8 dovuto al fatto che Cervia ha mantenuto un numero importante di manifestazioni e momenti di festa, in modo da poter attrarre turisti anche in periodi di bassa stagione.<\/p>\n<p>In diminuzione gli arrivi dall&#8217;Europa dell&#8217;Est, con circa 5 mila presenze in meno; in aumento invece i turisti in arrivo da Francia e Svizzera.<\/p>\n<p>Per quanto riguarda gli alloggi scelti, sono gli alberghi ad avere la meglio, con il 71,65% delle preferenze. Le strutture extra alberghiere hanno totalizzato 54.000 presenze, con una crescita di pi\u00f9 del 43%.<\/p>\n","protected":false},"excerpt":{"rendered":"<p>Il turismo in Provincia di Ravenna, per quanto riguarda il primo trimestre del 2012 va bene, con una leggere flessione dovuta, si pensa, soprattutto al mal tempo e alla forte neve che ha colpito la regione in febbraio. Stiamo parlando dei dati provinciali del turismo forniti dalle strutture<\/p>\n","protected":false},"author":5,"featured_media":0,"comment_status":"open","ping_status":"open","sticky":false,"template":"","format":"standard","meta":{"footnotes":""},"categories":[3],"tags":[20,44],"class_list":["post-3680","post","type-post","status-publish","format-standard","hentry","category-turismo","tag-cervia","tag-statistiche"],"aioseo_notices":[],"_links":{"self":[{"href":"https:\/\/www.minicity.it\/blog\/wp-json\/wp\/v2\/posts\/3680","targetHints":{"allow":["GET"]}}],"collection":[{"href":"https:\/\/www.minicity.it\/blog\/wp-json\/wp\/v2\/posts"}],"about":[{"href":"https:\/\/www.minicity.it\/blog\/wp-json\/wp\/v2\/types\/post"}],"author":[{"embeddable":true,"href":"https:\/\/www.minicity.it\/blog\/wp-json\/wp\/v2\/users\/5"}],"replies":[{"embeddable":true,"href":"https:\/\/www.minicity.it\/blog\/wp-json\/wp\/v2\/comments?post=3680"}],"version-history":[{"count":0,"href":"https:\/\/www.minicity.it\/blog\/wp-json\/wp\/v2\/posts\/3680\/revisions"}],"wp:attachment":[{"href":"https:\/\/www.minicity.it\/blog\/wp-json\/wp\/v2\/media?parent=3680"}],"wp:term":[{"taxonomy":"category","embeddable":true,"href":"https:\/\/www.minicity.it\/blog\/wp-json\/wp\/v2\/categories?post=3680"},{"taxonomy":"post_tag","embeddable":true,"href":"https:\/\/www.minicity.it\/blog\/wp-json\/wp\/v2\/tags?post=3680"}],"curies":[{"name":"wp","href":"https:\/\/api.w.org\/{rel}","templated":true}]}}