{"id":3694,"date":"2012-06-06T10:22:32","date_gmt":"2012-06-06T10:22:32","guid":{"rendered":"https:\/\/www.minicity.it\/blog\/?p=3694"},"modified":"2012-09-13T14:43:58","modified_gmt":"2012-09-13T14:43:58","slug":"riccione-torna-la-festa-del-bagnino","status":"publish","type":"post","link":"https:\/\/www.minicity.it\/blog\/2012\/06\/riccione-torna-la-festa-del-bagnino\/","title":{"rendered":"Riccione: torna la Festa del Bagnino"},"content":{"rendered":"<p><strong><img loading=\"lazy\" decoding=\"async\" class=\"aligncenter size-full wp-image-3695\" title=\"festabaghinoriccione\" src=\"https:\/\/www.minicity.it\/blog\/wp-content\/uploads\/2012\/06\/festabaghinoriccione.jpg\" alt=\"\" width=\"500\" height=\"333\" \/><br \/>\nIl prossimo 8 giugno a Riccione<\/strong> si terr\u00e0 una ricorrenza molto amata dalla citt\u00e0. Si tratta della <strong>\u201cFesta del Bagnino\u201d<\/strong>, una data che ricorda un altro 8 giugno, purtroppo pi\u00f9 tragico, quello del 1964. A Riccione la festa del Bagnino \u00e8 ormai una tradizione: la festa \u00e8 anche conosciuta come Festa del Turista. Al Piazzale del porto, a partire dal tramonto e fino a tarda sera, si manger\u00e0, si baller\u00e0 e si far\u00e0 festa con gli abitanti e i turisti che<!--more--> sono in citt\u00e0. Il men\u00f9 della Festa prevede, in stile romagnolo, pesce alla griglia cucinato da pescatori e bagnini direttamente sulla spiaggia e vino locale. Il tutto accompagnato da musica (il liscio romagnolo ovviamente) e fuochi d\u2019artificio.<\/p>\n<p><strong>Ma cosa \u00e8 successo l\u20198 giugno del 1964?<\/strong> In quella data una tempesta, molto violenta, ha colpito tutta l\u2019Italia settentrionale e in maniera particolare la costa romagnola e Riccione, i cui pescatori, bagnini, e tutti coloro che avevano attivit\u00e0 legate alla costa, vennero molto colpiti.<\/p>\n<p>La Festa del Bagnino \u00e8 un momento in cui la citt\u00e0 si anima e, grazie a piatti e musica tradizionale, d\u00e0 il suo saluto alla stagione estiva: da giugno fino a settembre, infatti, tutta la Riviera Romagnola non si ferma un attimo, con feste, eventi e turisti in arrivo da tutta Italia ed Europa <a href=\"https:\/\/www.minicity.it\/hotel-riccione.html\" target=\"_blank\">negli hotel di Riccione<\/a>.<\/p>\n<p>L\u2019appuntamento \u00e8 quindi per il prossimo venerd\u00ec sulla <strong>spiaggia di Riccione<\/strong>. Per maggiori informazioni sulla Festa del Bagnino contattare la Cooperativa Bagnini di Riccione chiamando il <strong>numero 0541 644800<\/strong>.<\/p>\n","protected":false},"excerpt":{"rendered":"<p>Il prossimo 8 giugno a Riccione si terr&agrave; una ricorrenza molto amata dalla citt&agrave;. Si tratta della &ldquo;Festa del Bagnino&rdquo;, una data che ricorda un altro 8 giugno, purtroppo pi&ugrave; tragico, quello del 1964. A Riccione la festa del Bagnino &egrave; ormai una tradizione: la festa &egrave; anche conosciuta come Festa del Turista. Al Piazzale &#8230;<a class=\"post-readmore\" href=\"https:\/\/www.minicity.it\/blog\/2012\/06\/riccione-torna-la-festa-del-bagnino\/\">read more<\/a><\/p>\n","protected":false},"author":5,"featured_media":0,"comment_status":"open","ping_status":"open","sticky":false,"template":"","format":"standard","meta":{"footnotes":""},"categories":[3],"tags":[33,34],"class_list":["post-3694","post","type-post","status-publish","format-standard","hentry","category-turismo","tag-eventi-riviera","tag-riccione"],"aioseo_notices":[],"_links":{"self":[{"href":"https:\/\/www.minicity.it\/blog\/wp-json\/wp\/v2\/posts\/3694","targetHints":{"allow":["GET"]}}],"collection":[{"href":"https:\/\/www.minicity.it\/blog\/wp-json\/wp\/v2\/posts"}],"about":[{"href":"https:\/\/www.minicity.it\/blog\/wp-json\/wp\/v2\/types\/post"}],"author":[{"embeddable":true,"href":"https:\/\/www.minicity.it\/blog\/wp-json\/wp\/v2\/users\/5"}],"replies":[{"embeddable":true,"href":"https:\/\/www.minicity.it\/blog\/wp-json\/wp\/v2\/comments?post=3694"}],"version-history":[{"count":0,"href":"https:\/\/www.minicity.it\/blog\/wp-json\/wp\/v2\/posts\/3694\/revisions"}],"wp:attachment":[{"href":"https:\/\/www.minicity.it\/blog\/wp-json\/wp\/v2\/media?parent=3694"}],"wp:term":[{"taxonomy":"category","embeddable":true,"href":"https:\/\/www.minicity.it\/blog\/wp-json\/wp\/v2\/categories?post=3694"},{"taxonomy":"post_tag","embeddable":true,"href":"https:\/\/www.minicity.it\/blog\/wp-json\/wp\/v2\/tags?post=3694"}],"curies":[{"name":"wp","href":"https:\/\/api.w.org\/{rel}","templated":true}]}}