{"id":3700,"date":"2012-06-07T11:06:30","date_gmt":"2012-06-07T11:06:30","guid":{"rendered":"https:\/\/www.minicity.it\/blog\/?p=3700"},"modified":"2012-06-07T11:06:30","modified_gmt":"2012-06-07T11:06:30","slug":"il-cartellone-estivo-di-misano-adriatico-200-eventi-da-giugno-a-settembre","status":"publish","type":"post","link":"https:\/\/www.minicity.it\/blog\/2012\/06\/il-cartellone-estivo-di-misano-adriatico-200-eventi-da-giugno-a-settembre\/","title":{"rendered":"Il cartellone estivo di Misano Adriatico: 200 eventi da giugno a settembre"},"content":{"rendered":"<p><img loading=\"lazy\" decoding=\"async\" class=\"aligncenter size-full wp-image-3701\" title=\"misanoadriaticoeventi\" src=\"https:\/\/www.minicity.it\/blog\/wp-content\/uploads\/2012\/06\/misanoadriaticoeventi.jpg\" alt=\"\" width=\"500\" height=\"333\" \/><br \/>\n\u00c8 da poco stato presentato il cartellone estivo degli <strong>eventi di Misano Adriatico<\/strong>. Sono oltre <strong>200 le manifestazioni<\/strong> che da maggio fino a settembre intratterranno i turisti e i cittadini di Misano Adriatico: da Portoverde a Santamonica, da Misano Mare a Misano Brasile, tutta la citt\u00e0 sar\u00e0 coinvolta con eventi che spaziano dallo sport, alla cultura, fino alla celebrazione del mare.<\/p>\n<p>Partendo con gli appuntamenti<!--more--> infrasettimanali, i marted\u00ec e i mercoled\u00ec estivi saranno impegnati con i <strong>\u201cPittori in piazza della Repubblica\u201d<\/strong> e con il \u201cMercatino dell\u2019artigianato\u201d; il gioved\u00ec sar\u00e0 la volta del mercatino di antiquariato e il sabato del \u201cMercatino dei prodotti naturali\u201d. Inoltre, per chi ama la festa, in via D\u2019Annunzio a Misano Mare i marted\u00ec di balla, mentre i mercoled\u00ec si terr\u00e0 regolarmente \u201cMisano Balla\u201d al Parco Sole di Misano Brasile. Per i palati pi\u00f9 fini alla Galleria Vittoria, dal 28 luglio, ci sar\u00e0 \u201cIn\u2026canto in galleria\u201d, appuntamenti con la musica d&#8217;opera.<\/p>\n<p>Per chi ama la lettura la biblioteca di Misano Adriatico ha organizzato <strong>\u201cLa Biblioteca Illuminata\u201d<\/strong>, una rassegna di appuntamenti con grandi filosofi che si svolger\u00e0 dal 15 al 28 giugno. E per la Notte Rosa del 6 luglio? Arisa e le Rimmel in concerto e, il giorno dopo, il Carnevale Rosa del 7 luglio.<\/p>\n<p>Per chi ama lo sport invece, Misano Adriatico sar\u00e0 di grande stimolo: questa estate si terranno le nazionali di calcio Under 19 e i Campionati di Atletica leggera, il Festival della Pallamano, il Campionato Italiano di Velocit\u00e0 e il Gran Premio di Moto Gp di San Marino e Riviera di Rimini. Insomma, un&#8217;estate ricca e piena per Misano Adriatico.<\/p>\n","protected":false},"excerpt":{"rendered":"<p>&Egrave; da poco stato presentato il cartellone estivo degli eventi di Misano Adriatico. Sono oltre 200 le manifestazioni che da maggio fino a settembre intratterranno i turisti e i cittadini di Misano Adriatico: da Portoverde a Santamonica, da Misano Mare a Misano Brasile, tutta la citt&agrave; sar&agrave; coinvolta con eventi che spaziano dallo sport, alla &#8230;<a class=\"post-readmore\" href=\"https:\/\/www.minicity.it\/blog\/2012\/06\/il-cartellone-estivo-di-misano-adriatico-200-eventi-da-giugno-a-settembre\/\">read more<\/a><\/p>\n","protected":false},"author":5,"featured_media":0,"comment_status":"open","ping_status":"open","sticky":false,"template":"","format":"standard","meta":{"footnotes":""},"categories":[3],"tags":[33,36],"class_list":["post-3700","post","type-post","status-publish","format-standard","hentry","category-turismo","tag-eventi-riviera","tag-misano-adriatico"],"aioseo_notices":[],"_links":{"self":[{"href":"https:\/\/www.minicity.it\/blog\/wp-json\/wp\/v2\/posts\/3700","targetHints":{"allow":["GET"]}}],"collection":[{"href":"https:\/\/www.minicity.it\/blog\/wp-json\/wp\/v2\/posts"}],"about":[{"href":"https:\/\/www.minicity.it\/blog\/wp-json\/wp\/v2\/types\/post"}],"author":[{"embeddable":true,"href":"https:\/\/www.minicity.it\/blog\/wp-json\/wp\/v2\/users\/5"}],"replies":[{"embeddable":true,"href":"https:\/\/www.minicity.it\/blog\/wp-json\/wp\/v2\/comments?post=3700"}],"version-history":[{"count":0,"href":"https:\/\/www.minicity.it\/blog\/wp-json\/wp\/v2\/posts\/3700\/revisions"}],"wp:attachment":[{"href":"https:\/\/www.minicity.it\/blog\/wp-json\/wp\/v2\/media?parent=3700"}],"wp:term":[{"taxonomy":"category","embeddable":true,"href":"https:\/\/www.minicity.it\/blog\/wp-json\/wp\/v2\/categories?post=3700"},{"taxonomy":"post_tag","embeddable":true,"href":"https:\/\/www.minicity.it\/blog\/wp-json\/wp\/v2\/tags?post=3700"}],"curies":[{"name":"wp","href":"https:\/\/api.w.org\/{rel}","templated":true}]}}