{"id":3707,"date":"2012-06-08T09:25:43","date_gmt":"2012-06-08T09:25:43","guid":{"rendered":"https:\/\/www.minicity.it\/blog\/?p=3707"},"modified":"2012-06-08T09:25:43","modified_gmt":"2012-06-08T09:25:43","slug":"samuele-bersani-in-concerto-a-cattolica","status":"publish","type":"post","link":"https:\/\/www.minicity.it\/blog\/2012\/06\/samuele-bersani-in-concerto-a-cattolica\/","title":{"rendered":"Samuele Bersani in concerto a Cattolica"},"content":{"rendered":"<p><strong><a href=\"https:\/\/www.minicity.it\/blog\/wp-content\/uploads\/2012\/06\/samuelebersaniconcertocattolica.jpg\"><img loading=\"lazy\" decoding=\"async\" class=\"aligncenter size-full wp-image-3708\" title=\"samuelebersaniconcertocattolica\" src=\"https:\/\/www.minicity.it\/blog\/wp-content\/uploads\/2012\/06\/samuelebersaniconcertocattolica.jpg\" alt=\"\" width=\"500\" height=\"294\" \/><\/a><br \/>\nIl 6 luglio<\/strong> prossimo il cantautore romagnolo <strong>Samuele Bersani si esibir\u00e0 a Cattolica<\/strong>, all\u2019<strong>Arena della Regina<\/strong>. Il concerto fa parte di una serie di spettacoli estivi che il Teatro della Regina di Cattolica organizza nel suo spazio estivo: ricordiamo infatti che il 29 giugno sar\u00e0 anche la volta del gruppo toscano Negrita, che proprio dalla Romagna iniziano il loro tour estivo.<\/p>\n<p>Per Samuele Bersani (nato a Rimini nel 1970) un<!--more--> concerto a Cattolica (citt\u00e0 dove ha vissuto) sar\u00e0 un po&#8217; come un ritorno a casa: in citt\u00e0 infatti \u00e8 molto amato e apprezzato.<\/p>\n<p>Oggi Samuele Bersani, 42 anni, \u00e8 un cantautore con una discreta carriera alle spalle: nove album all&#8217;attivo e collaborazioni con alcuni tra i maggiori esponenti del mondo musicale italiano. Ricordiamo l&#8217;amicizia con Lucio Dalla, al lavoro con Ornella Vannoni e Fiorella Mannoia, per cui ha scritto pezzi di grande successo.<\/p>\n<p>Samuele Bersani ha partecipato all&#8217;ultimo Festival di Sanremo con il pezzo \u201cUn Pallone\u201d con il quale ha vinto il premio della Critica \u201cMia Martini\u201d. Durante il Festival ha anche cantanto con l&#8217;artista serbo Goran Bregovi\u0107. Il suo ultimo album si chiama \u201cPsyco &#8211; 20 anni di canzoni\u201d. Bersani \u00e8 stato anche il testimonial dell&#8217;ultima campagna di Avis e Fidas per la Regione Emilia- Romagna, dal titolo \u201cAl cuore si comanda. Dona sangue, mostra la tua vena migliore\u201d,<\/p>\n<p>L&#8217;appuntamento romagnolo con Samule Bersani \u00e8 quindi per il prossimo 6 luglio all\u2019Arena Regina di Cattolica (Piazza della Repubblica). Il costo del biglietto \u00e8 di circa 30 euro. Per maggiori informazioni sui biglietti e le prevendite, o per contattare il Teatro della Regina di Cattolica chiamare il <strong>numero 0541 &#8211; 966778<\/strong>.<\/p>\n","protected":false},"excerpt":{"rendered":"<p>Il 6 luglio prossimo il cantautore romagnolo Samuele Bersani si esibir&agrave; a Cattolica, all&rsquo;Arena della Regina. Il concerto fa parte di una serie di spettacoli estivi che il Teatro della Regina di Cattolica organizza nel suo spazio estivo: ricordiamo infatti che il 29 giugno sar&agrave; anche la volta del gruppo toscano Negrita, che proprio dalla &#8230;<a class=\"post-readmore\" href=\"https:\/\/www.minicity.it\/blog\/2012\/06\/samuele-bersani-in-concerto-a-cattolica\/\">read more<\/a><\/p>\n","protected":false},"author":1,"featured_media":0,"comment_status":"open","ping_status":"open","sticky":false,"template":"","format":"standard","meta":{"footnotes":""},"categories":[3],"tags":[37,39],"class_list":["post-3707","post","type-post","status-publish","format-standard","hentry","category-turismo","tag-cattolica","tag-concerti"],"aioseo_notices":[],"_links":{"self":[{"href":"https:\/\/www.minicity.it\/blog\/wp-json\/wp\/v2\/posts\/3707","targetHints":{"allow":["GET"]}}],"collection":[{"href":"https:\/\/www.minicity.it\/blog\/wp-json\/wp\/v2\/posts"}],"about":[{"href":"https:\/\/www.minicity.it\/blog\/wp-json\/wp\/v2\/types\/post"}],"author":[{"embeddable":true,"href":"https:\/\/www.minicity.it\/blog\/wp-json\/wp\/v2\/users\/1"}],"replies":[{"embeddable":true,"href":"https:\/\/www.minicity.it\/blog\/wp-json\/wp\/v2\/comments?post=3707"}],"version-history":[{"count":0,"href":"https:\/\/www.minicity.it\/blog\/wp-json\/wp\/v2\/posts\/3707\/revisions"}],"wp:attachment":[{"href":"https:\/\/www.minicity.it\/blog\/wp-json\/wp\/v2\/media?parent=3707"}],"wp:term":[{"taxonomy":"category","embeddable":true,"href":"https:\/\/www.minicity.it\/blog\/wp-json\/wp\/v2\/categories?post=3707"},{"taxonomy":"post_tag","embeddable":true,"href":"https:\/\/www.minicity.it\/blog\/wp-json\/wp\/v2\/tags?post=3707"}],"curies":[{"name":"wp","href":"https:\/\/api.w.org\/{rel}","templated":true}]}}