{"id":3740,"date":"2012-06-14T10:45:25","date_gmt":"2012-06-14T10:45:25","guid":{"rendered":"https:\/\/www.minicity.it\/blog\/?p=3740"},"modified":"2012-06-14T10:45:25","modified_gmt":"2012-06-14T10:45:25","slug":"bellaria-igea-marina-il-mercato-del-made-in-italy","status":"publish","type":"post","link":"https:\/\/www.minicity.it\/blog\/2012\/06\/bellaria-igea-marina-il-mercato-del-made-in-italy\/","title":{"rendered":"Bellaria Igea Marina: il mercato del made in Italy"},"content":{"rendered":"<p><strong><img loading=\"lazy\" decoding=\"async\" class=\"aligncenter size-full wp-image-3744\" title=\"madeinitalybellaria\" src=\"https:\/\/www.minicity.it\/blog\/wp-content\/uploads\/2012\/06\/madeinitalybellaria.jpg\" alt=\"\" width=\"500\" height=\"288\" \/><br \/>\nDa stasera a Bellaria Igea Marina<\/strong> si terr\u00e0 un nuovo appuntamento deciso dall&#8217;<strong>Assessorato alle Attivit\u00e0 Economiche del Comune<\/strong> in collaborazione con <strong>Confcommercio e Confesercenti<\/strong>. Si tratta di \u201cStile Italiano\u201d un mercato dedicato a prodotti <strong>Made in Italy<\/strong> che da oggi si terr\u00e0 ogni gioved\u00ec \u2013 fino al prossimo 13 settembre \u2013 sul portocanale<!--more--> di Bellaria Igea Marina.<\/p>\n<p>\u201cMade in Italy\u201d verr\u00e0 allestito la sera,<strong> dalle 19:00 alle 23:00<\/strong> e vedr\u00e0 riuniti commercianti che presentano prodotti di qualit\u00e0 legati alla produzione locale o fatti a partire da prodotti italiani. A \u201cMade in Italy\u201d troverete oggetti di artigianato, abiti, scarpe, giocattoli, alimentari, oggettistica&#8230; tutto rigorosamente \u201cMade in Italy\u201d.<\/p>\n<p>La scelta di creare un evento di questo genere ha lo scopo di rilanciare ulteriormente la zona del porto canale di Bellaria Igea Marina: il mercato si terr\u00e0 esattamente tra Bellaria e Igea Marina e vuole essere un punto di attrazione non solo per i turisti (che gi\u00e0 numerosi sono presenti negli hotel di Bellaria Igea Marina) ma anche per i cittadini e per gli abitanti dei comuni limitrofi.<\/p>\n<p>Loretta Scaroni, Assessore alle Attivit\u00e0 economiche di Bellaria Igea Marina, ha precisato che con \u201cMade in Italy\u201d l&#8217;amministrazione comunale intende puntare esclusivamente sulla qualit\u00e0 e fare di Bellaria un punto di attrazione. Sono tante infatti le attivit\u00e0 estive (eventi e manifestazioni) che il comune propone per l&#8217;estate 2012: lo scopo \u00e8 rilanciare la citt\u00e0 in un momento in cui il turismo tende a risentire della crisi che sta colpendo il Paese e l&#8217;Europa.<\/p>\n","protected":false},"excerpt":{"rendered":"<p>Da stasera a Bellaria Igea Marina si terr&agrave; un nuovo appuntamento deciso dall&rsquo;Assessorato alle Attivit&agrave; Economiche del Comune in collaborazione con Confcommercio e Confesercenti. Si tratta di &ldquo;Stile Italiano&rdquo; un mercato dedicato a prodotti Made in Italy che da oggi si terr&agrave; ogni gioved&igrave; &ndash; fino al prossimo 13 settembre &ndash; sul portocanale<\/p>\n","protected":false},"author":5,"featured_media":0,"comment_status":"open","ping_status":"open","sticky":false,"template":"","format":"standard","meta":{"footnotes":""},"categories":[3],"tags":[31],"class_list":["post-3740","post","type-post","status-publish","format-standard","hentry","category-turismo","tag-bellaria-igea-marina"],"aioseo_notices":[],"_links":{"self":[{"href":"https:\/\/www.minicity.it\/blog\/wp-json\/wp\/v2\/posts\/3740","targetHints":{"allow":["GET"]}}],"collection":[{"href":"https:\/\/www.minicity.it\/blog\/wp-json\/wp\/v2\/posts"}],"about":[{"href":"https:\/\/www.minicity.it\/blog\/wp-json\/wp\/v2\/types\/post"}],"author":[{"embeddable":true,"href":"https:\/\/www.minicity.it\/blog\/wp-json\/wp\/v2\/users\/5"}],"replies":[{"embeddable":true,"href":"https:\/\/www.minicity.it\/blog\/wp-json\/wp\/v2\/comments?post=3740"}],"version-history":[{"count":0,"href":"https:\/\/www.minicity.it\/blog\/wp-json\/wp\/v2\/posts\/3740\/revisions"}],"wp:attachment":[{"href":"https:\/\/www.minicity.it\/blog\/wp-json\/wp\/v2\/media?parent=3740"}],"wp:term":[{"taxonomy":"category","embeddable":true,"href":"https:\/\/www.minicity.it\/blog\/wp-json\/wp\/v2\/categories?post=3740"},{"taxonomy":"post_tag","embeddable":true,"href":"https:\/\/www.minicity.it\/blog\/wp-json\/wp\/v2\/tags?post=3740"}],"curies":[{"name":"wp","href":"https:\/\/api.w.org\/{rel}","templated":true}]}}