{"id":3763,"date":"2012-06-15T14:38:08","date_gmt":"2012-06-15T14:38:08","guid":{"rendered":"https:\/\/www.minicity.it\/blog\/?p=3763"},"modified":"2012-06-15T14:38:08","modified_gmt":"2012-06-15T14:38:08","slug":"la-notte-rosa-a-cattolica","status":"publish","type":"post","link":"https:\/\/www.minicity.it\/blog\/2012\/06\/la-notte-rosa-a-cattolica\/","title":{"rendered":"La Notte Rosa a Cattolica"},"content":{"rendered":"<p><strong><img loading=\"lazy\" decoding=\"async\" class=\"aligncenter size-full wp-image-3764\" title=\"notterosacattolica\" src=\"https:\/\/www.minicity.it\/blog\/wp-content\/uploads\/2012\/06\/notterosacattolica.jpg\" alt=\"\" width=\"500\" height=\"253\" \/><br \/>\nSi avvicina la Notte Rosa<\/strong> e con lei i programmi degli eventi di tutte le localit\u00e0 della <strong>Riviera Romagnola<\/strong>. <strong>Cattolica<\/strong> ha preparato una due giorni (che coinvolger\u00e0 anche il sabato 7 luglio) perfetta per tutta la famiglia, dai bambini, ai ragazzi, fino agli adulti. Si parte il pomeriggio di venerd\u00ec 6 luglio con la \u201cCaccia al Teso-rosa\u201d, un momento di <!--more-->divertimento per i pi\u00f9 piccoli fuori dall&#8217;Acquario di Cattolica: i bambini partiranno alla ricerca di piccoli tesori marini (esclusivamente rosa) nascosti all&#8217;esterno. La \u201cCaccia al Teso-rosa\u201d \u00e8 un&#8217;iniziativa dell&#8217;Amministrazione Comunale di Cattolica in collaborazione con l&#8217;Acquario. L&#8217;ingresso alla \u201cCaccia al Teso-rosa\u201d \u00e8 aperta a tutti i bambini e la partecipazione \u00e8 gratuita.<\/p>\n<p><strong>La sera<\/strong>, a partire dalle ore 21:00 all&#8217;Arena Regina Margherita si terr\u00e0 il concerto di Samuele Bersani, che ha appena pubblicato \u2013 dopo aver partecipato al Festival di Sanremo \u2013 l&#8217;album \u201cPsyco &#8211; 20 anni di canzoni\u201d. Sar\u00e0 un concerto speciale perch\u00e9 Bersani \u00e8 molto legato alla Romagna e, in particolare, a Cattolica, sua citt\u00e0 natale.<\/p>\n<p>Seguiranno, fino a tarda notte, i fuochi d&#8217;artificio, con uno spettacolo pirotecnico da perdere il fiato.<\/p>\n<p><strong>Sabato 7 luglio<\/strong>, invece, la sera, su Piazza Tramonto, \u00e8 previsto il concerto di Matteo Setti a cui seguir\u00e0 quello dei Cialtronight. Insomma, un fine settimana all&#8217;insegna del divertimento, della musica e dell&#8217;estate.<br \/>\nRicordiamo che la Notte Rosa vedr\u00e0 tutti i cento chilometri di Riviera Romagnola festeggiare per tutta la notte il 6 luglio prossimo. Ogni cittadina organizza eventi, manifestazioni e concerti, molti dei quali fino all&#8217;alba.<\/p>\n<p><strong>Per maggiori informazioni<\/strong> consultare il sito Internet: <strong>www.lanotterosa.it<\/strong>.<\/p>\n","protected":false},"excerpt":{"rendered":"<p>Si avvicina la Notte Rosa e con lei i programmi degli eventi di tutte le localit&agrave; della Riviera Romagnola. Cattolica ha preparato una due giorni (che coinvolger&agrave; anche il sabato 7 luglio) perfetta per tutta la famiglia, dai bambini, ai ragazzi, fino agli adulti. Si parte il pomeriggio di venerd&igrave; 6 luglio con la &ldquo;Caccia &#8230;<a class=\"post-readmore\" href=\"https:\/\/www.minicity.it\/blog\/2012\/06\/la-notte-rosa-a-cattolica\/\">read more<\/a><\/p>\n","protected":false},"author":7,"featured_media":0,"comment_status":"open","ping_status":"open","sticky":false,"template":"","format":"standard","meta":{"footnotes":""},"categories":[3],"tags":[37,19],"class_list":["post-3763","post","type-post","status-publish","format-standard","hentry","category-turismo","tag-cattolica","tag-notte-rosa"],"aioseo_notices":[],"_links":{"self":[{"href":"https:\/\/www.minicity.it\/blog\/wp-json\/wp\/v2\/posts\/3763","targetHints":{"allow":["GET"]}}],"collection":[{"href":"https:\/\/www.minicity.it\/blog\/wp-json\/wp\/v2\/posts"}],"about":[{"href":"https:\/\/www.minicity.it\/blog\/wp-json\/wp\/v2\/types\/post"}],"author":[{"embeddable":true,"href":"https:\/\/www.minicity.it\/blog\/wp-json\/wp\/v2\/users\/7"}],"replies":[{"embeddable":true,"href":"https:\/\/www.minicity.it\/blog\/wp-json\/wp\/v2\/comments?post=3763"}],"version-history":[{"count":0,"href":"https:\/\/www.minicity.it\/blog\/wp-json\/wp\/v2\/posts\/3763\/revisions"}],"wp:attachment":[{"href":"https:\/\/www.minicity.it\/blog\/wp-json\/wp\/v2\/media?parent=3763"}],"wp:term":[{"taxonomy":"category","embeddable":true,"href":"https:\/\/www.minicity.it\/blog\/wp-json\/wp\/v2\/categories?post=3763"},{"taxonomy":"post_tag","embeddable":true,"href":"https:\/\/www.minicity.it\/blog\/wp-json\/wp\/v2\/tags?post=3763"}],"curies":[{"name":"wp","href":"https:\/\/api.w.org\/{rel}","templated":true}]}}