{"id":3772,"date":"2012-06-18T12:56:34","date_gmt":"2012-06-18T12:56:34","guid":{"rendered":"https:\/\/www.minicity.it\/blog\/?p=3772"},"modified":"2012-06-18T12:56:34","modified_gmt":"2012-06-18T12:56:34","slug":"ravenna-200-mila-euro-per-il-centenario-di-milano-marittima","status":"publish","type":"post","link":"https:\/\/www.minicity.it\/blog\/2012\/06\/ravenna-200-mila-euro-per-il-centenario-di-milano-marittima\/","title":{"rendered":"Ravenna: 200 mila euro per il Centenario di Milano Marittima"},"content":{"rendered":"<p><img loading=\"lazy\" decoding=\"async\" class=\"aligncenter size-full wp-image-3773\" title=\"centenariomilanomarittima\" src=\"https:\/\/www.minicity.it\/blog\/wp-content\/uploads\/2012\/06\/centenariomilanomarittima.jpg\" alt=\"\" width=\"500\" height=\"250\" \/>Il consiglio provinciale di Ravenna ha approvato una mozione a maggioranza con la quale ha <strong>sbloccato 200 mila euro da destinare alla promozione<\/strong> e agli eventi in occasione del primo <strong>Centenario di Milano Marittima<\/strong>, che ricorre quest&#8217;anno.<\/p>\n<p>I fondi fanno parte del Programma di valorizzazione e promozione territoriale (PVPT) cofinanziati dall&#8217;Asse 4 del Por Fesr, un<!--more--> programma di aiuti europei. Lo ha annunciato il presidente della Provincia di Ravenna, Claudio Casadio, che ha aggiunto che &#8220;100 anni di bellezza&#8221; \u00e8, oltre a un momento di festa per la Citt\u00e0 Giardino, anche un modo per valorizzare e promuovere il patrimonio storico, culturale e ambientale della citt\u00e0 di Cervia e di tutta la provincia di Ravenna.<\/p>\n<p><strong>Ricordiamo che per tutto il 2012<\/strong>, infatti, a <strong>Milano Marittima e Cervia<\/strong> si <strong>festeggiano i cento anni della Citt\u00e0 Giardino<\/strong>: tra la fine del 1911 e l&#8217;inizio del 1912 fu fondata la &#8220;Societ\u00e0 Anonima Milano Marittima per lo sviluppo della spiaggia di Cervia&#8221; che nell&#8217;agosto dell&#8217;anno successivo inizi\u00f2 i lavori di bonifica per costruire, nella pineta cervese, case di villeggiatura per i turisti milanesi che volevano una residenza al mare.<\/p>\n<p>Oggi Milano Marittima \u00e8 una delle localit\u00e0 di punta del turismo in provincia di Ravenna e sicuramente una delle mete pi\u00f9 ricercata di tutta la Riviera Romagnola. Per festeggiare degnamente questo anniversario \u00e8 stato creato un apposito logo e sono stati lanciati diversi eventi che si protrarranno fino alla fine del 2012. Inoltre, visto il partenariato con Milano, Milano Marittima \u00e8 anche stata dichiarata \u201cspiaggia dell&#8217;Expo\u201d.<\/p>\n","protected":false},"excerpt":{"rendered":"<p>Il consiglio provinciale di Ravenna ha approvato una mozione a maggioranza con la quale ha sbloccato 200 mila euro da destinare alla promozione e agli eventi in occasione del primo Centenario di Milano Marittima, che ricorre quest&rsquo;anno. I fondi fanno parte del Programma di valorizzazione e promozione territoriale (PVPT) cofinanziati dall&rsquo;Asse 4 del Por Fesr, &#8230;<a class=\"post-readmore\" href=\"https:\/\/www.minicity.it\/blog\/2012\/06\/ravenna-200-mila-euro-per-il-centenario-di-milano-marittima\/\">read more<\/a><\/p>\n","protected":false},"author":6,"featured_media":0,"comment_status":"open","ping_status":"open","sticky":false,"template":"","format":"standard","meta":{"footnotes":""},"categories":[3],"tags":[21,5],"class_list":["post-3772","post","type-post","status-publish","format-standard","hentry","category-turismo","tag-milano-marittima","tag-notizie"],"aioseo_notices":[],"_links":{"self":[{"href":"https:\/\/www.minicity.it\/blog\/wp-json\/wp\/v2\/posts\/3772","targetHints":{"allow":["GET"]}}],"collection":[{"href":"https:\/\/www.minicity.it\/blog\/wp-json\/wp\/v2\/posts"}],"about":[{"href":"https:\/\/www.minicity.it\/blog\/wp-json\/wp\/v2\/types\/post"}],"author":[{"embeddable":true,"href":"https:\/\/www.minicity.it\/blog\/wp-json\/wp\/v2\/users\/6"}],"replies":[{"embeddable":true,"href":"https:\/\/www.minicity.it\/blog\/wp-json\/wp\/v2\/comments?post=3772"}],"version-history":[{"count":0,"href":"https:\/\/www.minicity.it\/blog\/wp-json\/wp\/v2\/posts\/3772\/revisions"}],"wp:attachment":[{"href":"https:\/\/www.minicity.it\/blog\/wp-json\/wp\/v2\/media?parent=3772"}],"wp:term":[{"taxonomy":"category","embeddable":true,"href":"https:\/\/www.minicity.it\/blog\/wp-json\/wp\/v2\/categories?post=3772"},{"taxonomy":"post_tag","embeddable":true,"href":"https:\/\/www.minicity.it\/blog\/wp-json\/wp\/v2\/tags?post=3772"}],"curies":[{"name":"wp","href":"https:\/\/api.w.org\/{rel}","templated":true}]}}