{"id":3780,"date":"2012-06-19T09:20:59","date_gmt":"2012-06-19T09:20:59","guid":{"rendered":"https:\/\/www.minicity.it\/blog\/?p=3780"},"modified":"2012-09-14T12:20:57","modified_gmt":"2012-09-14T12:20:57","slug":"gabicce-mare-rally-motociclistico-mondiale-fiva-2012","status":"publish","type":"post","link":"https:\/\/www.minicity.it\/blog\/2012\/06\/gabicce-mare-rally-motociclistico-mondiale-fiva-2012\/","title":{"rendered":"Gabicce Mare: Rally Motociclistico Mondiale FIVA 2012"},"content":{"rendered":"<p><strong><img loading=\"lazy\" decoding=\"async\" class=\"aligncenter size-full wp-image-3781\" title=\"MondialeFIVA2012gabiccemare\" src=\"https:\/\/www.minicity.it\/blog\/wp-content\/uploads\/2012\/06\/MondialeFIVA2012gabiccemare.jpg\" alt=\"\" width=\"500\" height=\"198\" \/><br \/>\nDal 28 giugno<\/strong> al primo luglio <strong>Gabicce Mare<\/strong> ospiter\u00e0 il <strong>Rally Motociclistico Mondiale FIVA 2012<\/strong> per una sfida su strada che coinvolger\u00e0 le <strong>Marche, l&#8217;Emilia Romagna e la Repubblica di San Marino<\/strong>. Per tre giorni la citt\u00e0 sar\u00e0 invasa da oltre 130 motociclette in arrivo da tutta Europa con, in pi\u00f9, anche una sezione dedicata alle moto antiche: sono<!--more--> attese, infatti, 70 moto anteguerra e 60 piloti stranieri.<\/p>\n<p>Il Rally Motociclistico Mondiale FIVA 2012 \u00e8 un evento organizzato dall&#8217;ASI (Automotoclub Storico Italiano) e, per l&#8217;edizione di quest&#8217;anno, \u00e8 previsto un grande rilancio, vista la massiccia partecipazione che \u00e8 attesa fino a questo momento.<\/p>\n<p>Oltre agli amatori sono attesi grandi collezionisti di moto, famosi in tutto il mondo, come il lettone che porter\u00e0 a Gabicce una REX\/ Jap del 1913, lo sloveno Petja Grom con la sua Indian del 1937, la BMW R51\/2 del 1950 del tedesco Willy Hof o la Brough Superior De Luxe del 1937 di Mariolopoulos Panagiotis in arrivo dalla Grecia.<\/p>\n<p>Inoltre, per la tre <a href=\"https:\/\/www.minicity.it\/hotel-gabicce-mare.html\" target=\"_blank\">giorni di Gabicce Mare<\/a> sono anche attesi alcuni dei nomi di spicco della Fiva: per questo si tratta di un momento molto importante per gli amanti delle due ruote.<\/p>\n<p>La sede operativa del Rally Motociclistico Mondiale FIVA 2012 sar\u00e0 al <strong>Grand Hotel Michelacci<\/strong>, dove i <strong>partecipanti si registreranno il 28 giugno al pomeriggio<\/strong>.<\/p>\n<p><strong>La prima gara \u00e8 prevista il 29 giugno:<\/strong> una gita di 135 chilometri verso Urbino, Furlo, Mombaroccio e Tavullia. Domenica \u00e8 invece previsto un percorso di 45 chilometri verso Pesaro e poi un gran finale con festa, cibo e musica.<\/p>\n","protected":false},"excerpt":{"rendered":"<p>Dal 28 giugno al primo luglio Gabicce Mare ospiter&agrave; il Rally Motociclistico Mondiale FIVA 2012 per una sfida su strada che coinvolger&agrave; le Marche, l&rsquo;Emilia Romagna e la Repubblica di San Marino. Per tre giorni la citt&agrave; sar&agrave; invasa da oltre 130 motociclette in arrivo da tutta Europa con, in pi&ugrave;, anche una sezione dedicata &#8230;<a class=\"post-readmore\" href=\"https:\/\/www.minicity.it\/blog\/2012\/06\/gabicce-mare-rally-motociclistico-mondiale-fiva-2012\/\">read more<\/a><\/p>\n","protected":false},"author":5,"featured_media":0,"comment_status":"open","ping_status":"open","sticky":false,"template":"","format":"standard","meta":{"footnotes":""},"categories":[3],"tags":[61,32,49],"class_list":["post-3780","post","type-post","status-publish","format-standard","hentry","category-turismo","tag-emilia-romagna","tag-marche","tag-sport"],"aioseo_notices":[],"_links":{"self":[{"href":"https:\/\/www.minicity.it\/blog\/wp-json\/wp\/v2\/posts\/3780","targetHints":{"allow":["GET"]}}],"collection":[{"href":"https:\/\/www.minicity.it\/blog\/wp-json\/wp\/v2\/posts"}],"about":[{"href":"https:\/\/www.minicity.it\/blog\/wp-json\/wp\/v2\/types\/post"}],"author":[{"embeddable":true,"href":"https:\/\/www.minicity.it\/blog\/wp-json\/wp\/v2\/users\/5"}],"replies":[{"embeddable":true,"href":"https:\/\/www.minicity.it\/blog\/wp-json\/wp\/v2\/comments?post=3780"}],"version-history":[{"count":0,"href":"https:\/\/www.minicity.it\/blog\/wp-json\/wp\/v2\/posts\/3780\/revisions"}],"wp:attachment":[{"href":"https:\/\/www.minicity.it\/blog\/wp-json\/wp\/v2\/media?parent=3780"}],"wp:term":[{"taxonomy":"category","embeddable":true,"href":"https:\/\/www.minicity.it\/blog\/wp-json\/wp\/v2\/categories?post=3780"},{"taxonomy":"post_tag","embeddable":true,"href":"https:\/\/www.minicity.it\/blog\/wp-json\/wp\/v2\/tags?post=3780"}],"curies":[{"name":"wp","href":"https:\/\/api.w.org\/{rel}","templated":true}]}}