{"id":3785,"date":"2012-06-19T13:28:18","date_gmt":"2012-06-19T13:28:18","guid":{"rendered":"https:\/\/www.minicity.it\/blog\/?p=3785"},"modified":"2012-06-19T13:28:18","modified_gmt":"2012-06-19T13:28:18","slug":"arisa-in-concerto-a-bellaria-per-la-notte-rosa","status":"publish","type":"post","link":"https:\/\/www.minicity.it\/blog\/2012\/06\/arisa-in-concerto-a-bellaria-per-la-notte-rosa\/","title":{"rendered":"Arisa in concerto a Bellaria per la Notte Rosa"},"content":{"rendered":"<p><strong><img loading=\"lazy\" decoding=\"async\" class=\"aligncenter size-full wp-image-3787\" title=\"concertoarisabellaria\" src=\"https:\/\/www.minicity.it\/blog\/wp-content\/uploads\/2012\/06\/concertoarisabellaria.jpg\" alt=\"\" width=\"500\" height=\"273\" \/><br \/>\nLa Notte Rosa 2012<\/strong> si avvicina e ogni citt\u00e0, comune e localit\u00e0 della <strong>Riviera Romagnola<\/strong> si prepara a questo evento con un programma diverso. <strong>Bellaria Igea Marina<\/strong> per l&#8217;<strong>edizione del 2012<\/strong> ha in cartellone un concerto che attirer\u00e0 molto pubblico: la cantante Arisa la notte del prossimo 7 luglio si esibir\u00e0 in centro, gratis.<\/p>\n<p>Arisa \u00e8 reduce dalla vittoria del Festival<!--more--> di San Remo e ora sta girando il Paese per far conoscere ancora di pi\u00f9 la sua musica. Arisa, al secolo Rosalba Pippa, \u00e8 genovese di origine e oggi \u00e8 al suo terzo album. Si \u00e8 fatta conoscere dal grande pubblico partecipando al Festival di San Remo nel 2009, con il pezzo \u201cSincerit\u00e0\u201d che \u00e8 anche i titolo del suo primo album da solista. Il successo del 2009 si \u00e8 ripetuto l&#8217;anno successivo con \u201cMalamoren\u00f2\u201d e soprattutto con la partecipazione al programma di Mediaset X-Factor (che continua a condurre). La serata di Bellaria con Arisa si annuncia un grande successo, grazie a un repertorio adatto a tutta la famiglia.<\/p>\n<p>Oltre ad Arisa Bellaria Igea Marina, come ogni anno, propone un programma interamente dedicato ai bambini con diverse attivit\u00e0 nei parchi e nelle strade mentre, nel resto della citt\u00e0, ci saranno musica dal vivo, eventi culturali e artistici e performance con Dj, musicisti e personaggi dello spettacolo. Ricordiamo che la Notte Rosa \u00e8 un grande evento che, per una notte, coinvolge tutti i cento chilometri di Riviera Romagnola, che dal tramonto all&#8217;alba organizzano eventi, spettacoli, feste e manifestazioni di ogni forma.<\/p>\n","protected":false},"excerpt":{"rendered":"<p>La Notte Rosa 2012 si avvicina e ogni citt&agrave;, comune e localit&agrave; della Riviera Romagnola si prepara a questo evento con un programma diverso. Bellaria Igea Marina per l&rsquo;edizione del 2012 ha in cartellone un concerto che attirer&agrave; molto pubblico: la cantante Arisa la notte del prossimo 7 luglio si esibir&agrave; in centro, gratis. Arisa &#8230;<a class=\"post-readmore\" href=\"https:\/\/www.minicity.it\/blog\/2012\/06\/arisa-in-concerto-a-bellaria-per-la-notte-rosa\/\">read more<\/a><\/p>\n","protected":false},"author":7,"featured_media":0,"comment_status":"open","ping_status":"open","sticky":false,"template":"","format":"standard","meta":{"footnotes":""},"categories":[3],"tags":[31,19],"class_list":["post-3785","post","type-post","status-publish","format-standard","hentry","category-turismo","tag-bellaria-igea-marina","tag-notte-rosa"],"aioseo_notices":[],"_links":{"self":[{"href":"https:\/\/www.minicity.it\/blog\/wp-json\/wp\/v2\/posts\/3785","targetHints":{"allow":["GET"]}}],"collection":[{"href":"https:\/\/www.minicity.it\/blog\/wp-json\/wp\/v2\/posts"}],"about":[{"href":"https:\/\/www.minicity.it\/blog\/wp-json\/wp\/v2\/types\/post"}],"author":[{"embeddable":true,"href":"https:\/\/www.minicity.it\/blog\/wp-json\/wp\/v2\/users\/7"}],"replies":[{"embeddable":true,"href":"https:\/\/www.minicity.it\/blog\/wp-json\/wp\/v2\/comments?post=3785"}],"version-history":[{"count":0,"href":"https:\/\/www.minicity.it\/blog\/wp-json\/wp\/v2\/posts\/3785\/revisions"}],"wp:attachment":[{"href":"https:\/\/www.minicity.it\/blog\/wp-json\/wp\/v2\/media?parent=3785"}],"wp:term":[{"taxonomy":"category","embeddable":true,"href":"https:\/\/www.minicity.it\/blog\/wp-json\/wp\/v2\/categories?post=3785"},{"taxonomy":"post_tag","embeddable":true,"href":"https:\/\/www.minicity.it\/blog\/wp-json\/wp\/v2\/tags?post=3785"}],"curies":[{"name":"wp","href":"https:\/\/api.w.org\/{rel}","templated":true}]}}