{"id":3821,"date":"2012-06-26T13:56:14","date_gmt":"2012-06-26T13:56:14","guid":{"rendered":"https:\/\/www.minicity.it\/blog\/?p=3821"},"modified":"2012-06-26T13:56:14","modified_gmt":"2012-06-26T13:56:14","slug":"cervia-artisti-e-laboratori-sul-post-modernismo","status":"publish","type":"post","link":"https:\/\/www.minicity.it\/blog\/2012\/06\/cervia-artisti-e-laboratori-sul-post-modernismo\/","title":{"rendered":"Cervia: artisti e laboratori sul post-modernismo"},"content":{"rendered":"<p style=\"text-align: center;\"><a href=\"https:\/\/www.minicity.it\/blog\/wp-content\/uploads\/2012\/06\/cerviapostmoderno.jpg\"><img loading=\"lazy\" decoding=\"async\" class=\"size-full wp-image-3823 aligncenter\" title=\"cerviapostmoderno\" src=\"https:\/\/www.minicity.it\/blog\/wp-content\/uploads\/2012\/06\/cerviapostmoderno.jpg\" alt=\"\" width=\"500\" height=\"309\" \/><\/a><\/p>\n<p>Il fine settimana <strong>dal 29 giugno al 1\u00b0 luglio 2012<\/strong> a <strong>Cervia<\/strong> torna una manifestazione che negli anni ha raggiunto sempre maggiore successo. Si tratta del \u201cFestival della arti di Cervia\u201d che quest&#8217;anno dedica tutto il week end al post-modernismo, con un titolo altamente evocativo: <strong>\u201cLa fine di un\u2019era, il Postmodernismo\u201d<\/strong>.<\/p>\n<p><strong>Sono attesi a Cervia per l&#8217;occasione oltre 70 artisti<\/strong>: questi, nelle strade della citt\u00e0 lavoreranno in diretta, sotto<!--more--> gli occhi del pubblico, per realizzare i loro lavori. Inoltre, durante il fine settimana, sono previsti laboratori artistici per i bambini, workshop, discussioni ed eventi.<\/p>\n<p>In particolare, per quanto riguarda il pubblico pi\u00f9 giovane, sono previsti laboratori tematici con insegnanti di grande esperienza: per il legno Alice Iaquinta, Michela Del Bene con i suoi Cartonages, la manipolazione della creta insieme a Nives Guazzarini, il mosaico, che a Ravenna non pu\u00f2 mancare, con Paola Maltoni e, infine, la pittura insieme agli artisti Gianpiero Maldini, Claudio Irmi e Luciano Medri. Il tutto nella zona del Porto Canale di Cervia e in centro storico, che sar\u00e0 invaso da pittori, scultori e mosaicisti.<\/p>\n<p><strong>Venerd\u00ec 29<\/strong>, inoltre, \u00e8 previsto un momento di solidariet\u00e0: il giornalista Alessandro Mischi sar\u00e0 in citt\u00e0 per presentare il suo lavoro, \u201cIl battito delle corde\u201d, il cui ricavato sar\u00e0 devoluto ai terremotati dell&#8217;Emilia-Romagna.<\/p>\n<p>Il \u201cFestival della arti di Cervia\u201d \u00e8 una manifestazione organizzata dall\u2019Associazione Culturale \u201cIl Cerbero\u201d, in collaborazione con il Comune di Cervia. Il Festival gode del patrocinio della Provincia di Ravenna e della Regione Emilia Romagna. Quella che sta per iniziare, inoltre, \u00e8 gi\u00e0 l&#8217;undicesima edizione della rassegna.<\/p>\n","protected":false},"excerpt":{"rendered":"<p>Il fine settimana dal 29 giugno al 1&deg; luglio 2012 a Cervia torna una manifestazione che negli anni ha raggiunto sempre maggiore successo. Si tratta del &ldquo;Festival della arti di Cervia&rdquo; che quest&rsquo;anno dedica tutto il week end al post-modernismo, con un titolo altamente evocativo: &ldquo;La fine di un&rsquo;era, il Postmodernismo&rdquo;. Sono attesi a Cervia &#8230;<a class=\"post-readmore\" href=\"https:\/\/www.minicity.it\/blog\/2012\/06\/cervia-artisti-e-laboratori-sul-post-modernismo\/\">read more<\/a><\/p>\n","protected":false},"author":5,"featured_media":0,"comment_status":"open","ping_status":"open","sticky":false,"template":"","format":"standard","meta":{"footnotes":""},"categories":[3],"tags":[20,55],"class_list":["post-3821","post","type-post","status-publish","format-standard","hentry","category-turismo","tag-cervia","tag-notizie-cultura"],"aioseo_notices":[],"_links":{"self":[{"href":"https:\/\/www.minicity.it\/blog\/wp-json\/wp\/v2\/posts\/3821","targetHints":{"allow":["GET"]}}],"collection":[{"href":"https:\/\/www.minicity.it\/blog\/wp-json\/wp\/v2\/posts"}],"about":[{"href":"https:\/\/www.minicity.it\/blog\/wp-json\/wp\/v2\/types\/post"}],"author":[{"embeddable":true,"href":"https:\/\/www.minicity.it\/blog\/wp-json\/wp\/v2\/users\/5"}],"replies":[{"embeddable":true,"href":"https:\/\/www.minicity.it\/blog\/wp-json\/wp\/v2\/comments?post=3821"}],"version-history":[{"count":0,"href":"https:\/\/www.minicity.it\/blog\/wp-json\/wp\/v2\/posts\/3821\/revisions"}],"wp:attachment":[{"href":"https:\/\/www.minicity.it\/blog\/wp-json\/wp\/v2\/media?parent=3821"}],"wp:term":[{"taxonomy":"category","embeddable":true,"href":"https:\/\/www.minicity.it\/blog\/wp-json\/wp\/v2\/categories?post=3821"},{"taxonomy":"post_tag","embeddable":true,"href":"https:\/\/www.minicity.it\/blog\/wp-json\/wp\/v2\/tags?post=3821"}],"curies":[{"name":"wp","href":"https:\/\/api.w.org\/{rel}","templated":true}]}}