{"id":3826,"date":"2012-06-27T14:44:07","date_gmt":"2012-06-27T14:44:07","guid":{"rendered":"https:\/\/www.minicity.it\/blog\/?p=3826"},"modified":"2012-06-27T14:44:07","modified_gmt":"2012-06-27T14:44:07","slug":"la-notte-rosa-2012-a-milano-marittima","status":"publish","type":"post","link":"https:\/\/www.minicity.it\/blog\/2012\/06\/la-notte-rosa-2012-a-milano-marittima\/","title":{"rendered":"La Notte Rosa 2012 a Milano Marittima"},"content":{"rendered":"<p><strong><img loading=\"lazy\" decoding=\"async\" class=\"size-full wp-image-3829 aligncenter\" title=\"notterosamilanomarittima\" src=\"https:\/\/www.minicity.it\/blog\/wp-content\/uploads\/2012\/06\/notterosamilanomarittima.jpg\" alt=\"\" width=\"500\" height=\"256\" \/><br \/>\nIl prossimo 6 luglio<\/strong> sar\u00e0 il momento della <strong>Notte Rosa<\/strong>, meglio conosciuta anche come il <strong>\u201cCapodanno estivo della Riviera Romagnola\u201d<\/strong>. <strong>Milano Marittima<\/strong>, che quest&#8217;anno festeggia il suo primo centenario, ha in programma una serata entusiasmante.<\/p>\n<p><strong>La sera del 6 luglio<\/strong> (con replica, visto il flusso<!--more--> previsto, in quella del 7) \u00e8 previsto lo spettacolo della compagnia francese Ilotopie. Si tratta di un evento imprendibile e altamente suggestivo: \u201cFous de Bassin\u201d, uno spettacolo sul mare realizzato con giochi d&#8217;acqua, fuochi, illusionismo e emozioni. Il tutto sulla spiaggia di fronte alla spiaggia libera di Milano Marittima.<\/p>\n<p>Ilotopie sono diventati famosi dopo aver presentato il loro lavoro alle Olimpiadi di Sidney e aver realizzato lo spot della Fiat 500: non mancheranno neanche i fuochi d&#8217;artificio, musica, attori e giostre. Il tutto per celebrare il compleanno della Citt\u00e0 Giardino.<\/p>\n<p>Ricordiamo che tra la fine del 1911 e la prima met\u00e0 del 1912 \u00e8 nata, a Milano, la &#8220;Societ\u00e0 Anonima Milano Marittima per lo sviluppo della spiaggia di Cervia&#8221; che nello stesso anno ha iniziato i lavori per costruire delle villette estive nelle pineta di Cervia. Da l\u00ec, dal desiderio di villeggiatura di cittadini di Milano, \u00e8 nata quella che oggi \u00e8 forse una delle citt\u00e0 pi\u00f9 famose a amate della Riviera Romagnola.<\/p>\n<p>Oltre a questo, ovviamente, per tutto il fine settimana Cervia sar\u00e0 adibita a festa e decorata in Rosa: tutta la citt\u00e0 parteciper\u00e0 all&#8217;evento, con diverse iniziative sia in centro, che nelle zone limitrofe e, naturalmente, in spiaggia.<\/p>\n","protected":false},"excerpt":{"rendered":"<p>Il prossimo 6 luglio sar&agrave; il momento della Notte Rosa, meglio conosciuta anche come il &ldquo;Capodanno estivo della Riviera Romagnola&rdquo;. Milano Marittima, che quest&rsquo;anno festeggia il suo primo centenario, ha in programma una serata entusiasmante. La sera del 6 luglio (con replica, visto il flusso<\/p>\n","protected":false},"author":5,"featured_media":0,"comment_status":"open","ping_status":"open","sticky":false,"template":"","format":"standard","meta":{"footnotes":""},"categories":[3],"tags":[21,19],"class_list":["post-3826","post","type-post","status-publish","format-standard","hentry","category-turismo","tag-milano-marittima","tag-notte-rosa"],"aioseo_notices":[],"_links":{"self":[{"href":"https:\/\/www.minicity.it\/blog\/wp-json\/wp\/v2\/posts\/3826","targetHints":{"allow":["GET"]}}],"collection":[{"href":"https:\/\/www.minicity.it\/blog\/wp-json\/wp\/v2\/posts"}],"about":[{"href":"https:\/\/www.minicity.it\/blog\/wp-json\/wp\/v2\/types\/post"}],"author":[{"embeddable":true,"href":"https:\/\/www.minicity.it\/blog\/wp-json\/wp\/v2\/users\/5"}],"replies":[{"embeddable":true,"href":"https:\/\/www.minicity.it\/blog\/wp-json\/wp\/v2\/comments?post=3826"}],"version-history":[{"count":0,"href":"https:\/\/www.minicity.it\/blog\/wp-json\/wp\/v2\/posts\/3826\/revisions"}],"wp:attachment":[{"href":"https:\/\/www.minicity.it\/blog\/wp-json\/wp\/v2\/media?parent=3826"}],"wp:term":[{"taxonomy":"category","embeddable":true,"href":"https:\/\/www.minicity.it\/blog\/wp-json\/wp\/v2\/categories?post=3826"},{"taxonomy":"post_tag","embeddable":true,"href":"https:\/\/www.minicity.it\/blog\/wp-json\/wp\/v2\/tags?post=3826"}],"curies":[{"name":"wp","href":"https:\/\/api.w.org\/{rel}","templated":true}]}}