{"id":383,"date":"2011-03-03T11:23:42","date_gmt":"2011-03-03T11:23:42","guid":{"rendered":"https:\/\/www.minicity.it\/blog\/?p=383"},"modified":"2011-03-03T11:23:42","modified_gmt":"2011-03-03T11:23:42","slug":"troupe-di-minoli-a-cervia-rai-150-anni-storia","status":"publish","type":"post","link":"https:\/\/www.minicity.it\/blog\/2011\/03\/troupe-di-minoli-a-cervia-rai-150-anni-storia\/","title":{"rendered":"Troupe di Minoli sbarca a Cervia"},"content":{"rendered":"<p><a href=\"https:\/\/www.minicity.it\/blog\/wp-content\/uploads\/2011\/03\/cervia.jpg\" target=\"_blank\"><img loading=\"lazy\" decoding=\"async\" class=\"alignleft size-full wp-image-385\" style=\"margin: 5px 8px;\" title=\"cervia\" src=\"https:\/\/www.minicity.it\/blog\/wp-content\/uploads\/2011\/03\/cervia.jpg\" alt=\"\" width=\"200\" height=\"133\" \/><\/a>Rai Storia arriva a Cervia per una puntata di &#8220;Rai 150 anni la storia siamo noi&#8221;&#8230;<\/p>\n<p>La puntata andr\u00e0 in onda domani alle ore 23 su RaiTre e sar\u00e0 tematica su Ippolito Nievo e come location per &#8220;Rai 150 anni la storia siamo noi&#8221; avr\u00e0 Cervia. La trasmissione di Giovanni Minoli come gi\u00e0 detto sar\u00e0 dedicata a Ippolito Nievo con l&#8217;attore Marco Cortesi\u00a0 e la regia di Andrea Bignami.<\/p>\n<p>Il film ripercorrer\u00e0 la vita dello scrittore\u00a0 morto all&#8217;et\u00e0 di soli 30 anni nella notte del tra il 4 e il 5 marzo del 1861.<\/p>\n<p>La citt\u00e0 di Cervia \u00e8 stata scelta per girare la scena finale, quella del naufragio, dove la citt\u00e0 ha dato in prestito la piccola barca storica in legno di Paolo Antonellini&#8230;<\/p>\n","protected":false},"excerpt":{"rendered":"<p>Rai Storia arriva a Cervia per una puntata di &ldquo;Rai 150 anni la storia siamo noi&rdquo;&hellip; La puntata andr&agrave; in onda domani alle ore 23 su RaiTre e sar&agrave; tematica su Ippolito Nievo e come location per &ldquo;Rai 150 anni la storia siamo noi&rdquo; avr&agrave; Cervia. La trasmissione di Giovanni Minoli come gi&agrave; detto sar&agrave; &#8230;<a class=\"post-readmore\" href=\"https:\/\/www.minicity.it\/blog\/2011\/03\/troupe-di-minoli-a-cervia-rai-150-anni-storia\/\">read more<\/a><\/p>\n","protected":false},"author":1,"featured_media":0,"comment_status":"open","ping_status":"open","sticky":false,"template":"","format":"standard","meta":{"footnotes":""},"categories":[3],"tags":[20,5],"class_list":["post-383","post","type-post","status-publish","format-standard","hentry","category-turismo","tag-cervia","tag-notizie"],"aioseo_notices":[],"_links":{"self":[{"href":"https:\/\/www.minicity.it\/blog\/wp-json\/wp\/v2\/posts\/383","targetHints":{"allow":["GET"]}}],"collection":[{"href":"https:\/\/www.minicity.it\/blog\/wp-json\/wp\/v2\/posts"}],"about":[{"href":"https:\/\/www.minicity.it\/blog\/wp-json\/wp\/v2\/types\/post"}],"author":[{"embeddable":true,"href":"https:\/\/www.minicity.it\/blog\/wp-json\/wp\/v2\/users\/1"}],"replies":[{"embeddable":true,"href":"https:\/\/www.minicity.it\/blog\/wp-json\/wp\/v2\/comments?post=383"}],"version-history":[{"count":0,"href":"https:\/\/www.minicity.it\/blog\/wp-json\/wp\/v2\/posts\/383\/revisions"}],"wp:attachment":[{"href":"https:\/\/www.minicity.it\/blog\/wp-json\/wp\/v2\/media?parent=383"}],"wp:term":[{"taxonomy":"category","embeddable":true,"href":"https:\/\/www.minicity.it\/blog\/wp-json\/wp\/v2\/categories?post=383"},{"taxonomy":"post_tag","embeddable":true,"href":"https:\/\/www.minicity.it\/blog\/wp-json\/wp\/v2\/tags?post=383"}],"curies":[{"name":"wp","href":"https:\/\/api.w.org\/{rel}","templated":true}]}}