{"id":3833,"date":"2012-06-28T15:36:36","date_gmt":"2012-06-28T15:36:36","guid":{"rendered":"https:\/\/www.minicity.it\/blog\/?p=3833"},"modified":"2012-06-28T15:36:36","modified_gmt":"2012-06-28T15:36:36","slug":"cesenatico-inaugurazione-della-mostra-di-alan-gattamorta","status":"publish","type":"post","link":"https:\/\/www.minicity.it\/blog\/2012\/06\/cesenatico-inaugurazione-della-mostra-di-alan-gattamorta\/","title":{"rendered":"Cesenatico: inaugurazione della mostra di Alan Gattamorta"},"content":{"rendered":"<p><strong><a href=\"https:\/\/www.minicity.it\/blog\/wp-content\/uploads\/2012\/06\/mostrecesenatico.jpg\"><img loading=\"lazy\" decoding=\"async\" class=\"alignleft size-full wp-image-3834\" title=\"mostrecesenatico\" src=\"https:\/\/www.minicity.it\/blog\/wp-content\/uploads\/2012\/06\/mostrecesenatico.jpg\" alt=\"\" width=\"200\" height=\"141\" \/><\/a>Sabato 30 giugno prossimo a Cesenatico<\/strong> inaugura la <strong>mostra di Alan Gattamorta<\/strong> alla<strong> Galleria Comunale d\u2019arte<\/strong>. L\u2019inaugurazione \u00e8 prevista per le ore 18:30 e la mostra durer\u00e0 per il periodo estivo.<\/p>\n<p>Alan Gattamorta \u00e8 un artista originario proprio di Cesenatico, che nella sua carriera ha esplorato diverse arti applicate: ceramiche, bassorilievi, mosaici e tutto quello che ha a che fare con l\u2019uso di materiali plastici. Inoltre<!--more--> saranno visibili anche lavori pittorici, in particolare realizzati con gli acquerelli. La sua carriera \u00e8 iniziata negli anni Settanta e oggi il giovane \u00e8 molto apprezzato in citt\u00e0. A Cesenatico sono presenti due suoi lavori, in viale Anita Garibaldi e viale Marino Moretti, mentre un altro suo lavoro \u00e8 fisso al Museo della Marineria di Cesenatico.<\/p>\n<p>La mostra di Alan Gattamorta fa parte di una serie di esposizioni che la citt\u00e0 di Cesenatico organizza in vista della stagione estiva. In particolare, per l\u2019estate, sar\u00e0 visibile anche una mostra dedicata a Ilario Fioravanti, \u201cL&#8217;anima del clown\u201d. Questa \u00e8 stata allestita in parte a Casa Moretti, e in parte alle Tende del Mare, la famosa manifestazione con la quale vengono esposte tele di artisti direttamente in spiaggia, voluta moltissimo da Tonino Guerra, il poeta romagnolo scomparso quest\u2019anno.<\/p>\n<p><strong>Per maggiori informazioni<\/strong> \u00e8 possibile visitare il sito internet di Alan Gattamorta all\u2019indirizzo www.alangattamorta.it. La Galleria Comunale d\u2019arte di Cesenatico si trova in piazza Ciceruaccho al numero 21. Per informazioni sugli orari di apertura \u00e8 possibile chiamare il numero <strong>0547 79264<\/strong> o scrivere una mail all\u2019indirizzo <strong>biblioteca@cesenatico.it<\/strong> .<\/p>\n","protected":false},"excerpt":{"rendered":"<p>Sabato 30 giugno prossimo a Cesenatico inaugura la mostra di Alan Gattamorta alla Galleria Comunale d&rsquo;arte. L&rsquo;inaugurazione &egrave; prevista per le ore 18:30 e la mostra durer&agrave; per il periodo estivo. Alan Gattamorta &egrave; un artista originario proprio di Cesenatico, che nella sua carriera ha esplorato diverse arti applicate: ceramiche, bassorilievi, mosaici e tutto quello &#8230;<a class=\"post-readmore\" href=\"https:\/\/www.minicity.it\/blog\/2012\/06\/cesenatico-inaugurazione-della-mostra-di-alan-gattamorta\/\">read more<\/a><\/p>\n","protected":false},"author":7,"featured_media":0,"comment_status":"open","ping_status":"open","sticky":false,"template":"","format":"standard","meta":{"footnotes":""},"categories":[3],"tags":[38,63],"class_list":["post-3833","post","type-post","status-publish","format-standard","hentry","category-turismo","tag-cesenatico","tag-mostre-cesenatico"],"aioseo_notices":[],"_links":{"self":[{"href":"https:\/\/www.minicity.it\/blog\/wp-json\/wp\/v2\/posts\/3833","targetHints":{"allow":["GET"]}}],"collection":[{"href":"https:\/\/www.minicity.it\/blog\/wp-json\/wp\/v2\/posts"}],"about":[{"href":"https:\/\/www.minicity.it\/blog\/wp-json\/wp\/v2\/types\/post"}],"author":[{"embeddable":true,"href":"https:\/\/www.minicity.it\/blog\/wp-json\/wp\/v2\/users\/7"}],"replies":[{"embeddable":true,"href":"https:\/\/www.minicity.it\/blog\/wp-json\/wp\/v2\/comments?post=3833"}],"version-history":[{"count":0,"href":"https:\/\/www.minicity.it\/blog\/wp-json\/wp\/v2\/posts\/3833\/revisions"}],"wp:attachment":[{"href":"https:\/\/www.minicity.it\/blog\/wp-json\/wp\/v2\/media?parent=3833"}],"wp:term":[{"taxonomy":"category","embeddable":true,"href":"https:\/\/www.minicity.it\/blog\/wp-json\/wp\/v2\/categories?post=3833"},{"taxonomy":"post_tag","embeddable":true,"href":"https:\/\/www.minicity.it\/blog\/wp-json\/wp\/v2\/tags?post=3833"}],"curies":[{"name":"wp","href":"https:\/\/api.w.org\/{rel}","templated":true}]}}