{"id":3847,"date":"2012-07-03T09:16:03","date_gmt":"2012-07-03T09:16:03","guid":{"rendered":"https:\/\/www.minicity.it\/blog\/?p=3847"},"modified":"2012-07-03T09:16:03","modified_gmt":"2012-07-03T09:16:03","slug":"emma-in-concerto-a-cattolica","status":"publish","type":"post","link":"https:\/\/www.minicity.it\/blog\/2012\/07\/emma-in-concerto-a-cattolica\/","title":{"rendered":"Emma in concerto a Cattolica"},"content":{"rendered":"<p><a href=\"https:\/\/www.minicity.it\/blog\/wp-content\/uploads\/2012\/07\/emma-marroneconcerto.jpg\"><img loading=\"lazy\" decoding=\"async\" class=\"alignleft size-full wp-image-3848\" title=\"emma-marroneconcerto\" src=\"https:\/\/www.minicity.it\/blog\/wp-content\/uploads\/2012\/07\/emma-marroneconcerto.jpg\" alt=\"\" width=\"200\" height=\"215\" \/><\/a>Continua la bella e ricca lista di concerti che allietano l&#8217;<strong>estate di Cattolica<\/strong>. Il prossimo 10 luglio, marted\u00ec, sar\u00e0 la volta della<strong> cantante Emma<\/strong>, che si esibir\u00e0 nella suggestiva cornice dell&#8217;<strong>Arena Regina Margherita<\/strong>.<\/p>\n<p>Si tratta, tra le altre cose, di un&#8217;anteprima italiana: il concerto di Emma a Cattolica, infatti, \u00e8 il primo della seria di ventitr\u00e9 serate che porteranno la giovane interprete in giro per l&#8217;Italia. Emma, infatti, durante l&#8217;estate suoner\u00e0 un po&#8217; lungo tutta la<!--more--> Penisola, da Roma a Messina, passando per Caserta fino a Milano Marittima.<\/p>\n<p><strong>Il tour estivo di Emma<\/strong> porta in giro il suo ultimo lavoro, uscito per la Universal Music: \u201cSar\u00f2 Libera\u201d uscito lo scorso settembre e rivisto e aggiornato lo scorso febbraio con la Sanremo Edition. Qui \u00e8 contenuto anche il pezzo con il quale la giovane salernitana ha vinto il Festival di San Remo, \u201cNon \u00e8 l\u2019Inferno\u201d.<\/p>\n<p>Per il concerto di Emma si prevede un grande successo a Cattolica: \u201cSar\u00f2 Libera\u201d \u00e8 infatti rimasto nelle classifiche italiane per molto tempo e ha vinto il disco d&#8217;oro. Per questo si attende un grande numero di fan della cantante. I biglietti sono gi\u00e0 in vendita sul circuito Ticketone o presso gli sportelli della Banca delle Marche. Il costo del <strong>biglietto per lo show di Emma \u00e8 di 34,50 euro<\/strong> per il primo settore numerato e di 23 euro per il secondo settore (sempre numerato). I bambini con et\u00e0 inferiore a 10 anni hanno diritto a uno sconti del 50% sui biglietti per il secondo settore.<\/p>\n","protected":false},"excerpt":{"rendered":"<p>Continua la bella e ricca lista di concerti che allietano l&rsquo;estate di Cattolica. Il prossimo 10 luglio, marted&igrave;, sar&agrave; la volta della cantante Emma, che si esibir&agrave; nella suggestiva cornice dell&rsquo;Arena Regina Margherita. Si tratta, tra le altre cose, di un&rsquo;anteprima italiana: il concerto di Emma a Cattolica, infatti, &egrave; il primo della seria di &#8230;<a class=\"post-readmore\" href=\"https:\/\/www.minicity.it\/blog\/2012\/07\/emma-in-concerto-a-cattolica\/\">read more<\/a><\/p>\n","protected":false},"author":1,"featured_media":0,"comment_status":"open","ping_status":"open","sticky":false,"template":"","format":"standard","meta":{"footnotes":""},"categories":[3],"tags":[37,39],"class_list":["post-3847","post","type-post","status-publish","format-standard","hentry","category-turismo","tag-cattolica","tag-concerti"],"aioseo_notices":[],"_links":{"self":[{"href":"https:\/\/www.minicity.it\/blog\/wp-json\/wp\/v2\/posts\/3847","targetHints":{"allow":["GET"]}}],"collection":[{"href":"https:\/\/www.minicity.it\/blog\/wp-json\/wp\/v2\/posts"}],"about":[{"href":"https:\/\/www.minicity.it\/blog\/wp-json\/wp\/v2\/types\/post"}],"author":[{"embeddable":true,"href":"https:\/\/www.minicity.it\/blog\/wp-json\/wp\/v2\/users\/1"}],"replies":[{"embeddable":true,"href":"https:\/\/www.minicity.it\/blog\/wp-json\/wp\/v2\/comments?post=3847"}],"version-history":[{"count":0,"href":"https:\/\/www.minicity.it\/blog\/wp-json\/wp\/v2\/posts\/3847\/revisions"}],"wp:attachment":[{"href":"https:\/\/www.minicity.it\/blog\/wp-json\/wp\/v2\/media?parent=3847"}],"wp:term":[{"taxonomy":"category","embeddable":true,"href":"https:\/\/www.minicity.it\/blog\/wp-json\/wp\/v2\/categories?post=3847"},{"taxonomy":"post_tag","embeddable":true,"href":"https:\/\/www.minicity.it\/blog\/wp-json\/wp\/v2\/tags?post=3847"}],"curies":[{"name":"wp","href":"https:\/\/api.w.org\/{rel}","templated":true}]}}