{"id":3882,"date":"2012-07-25T15:41:15","date_gmt":"2012-07-25T15:41:15","guid":{"rendered":"https:\/\/www.minicity.it\/blog\/?p=3882"},"modified":"2012-07-25T15:41:15","modified_gmt":"2012-07-25T15:41:15","slug":"ballabellaradiofestival-musica-e-festa-a-misano-adriatico","status":"publish","type":"post","link":"https:\/\/www.minicity.it\/blog\/2012\/07\/ballabellaradiofestival-musica-e-festa-a-misano-adriatico\/","title":{"rendered":"\u201cBallabellaradiofestival\u201d: musica e festa a Misano Adriatico"},"content":{"rendered":"<p><strong><img loading=\"lazy\" decoding=\"async\" class=\"alignleft size-full wp-image-3884\" title=\"Ballabellaradiofestivalmisano\" src=\"https:\/\/www.minicity.it\/blog\/wp-content\/uploads\/2012\/07\/Ballabellaradiofestivalmisano.jpg\" alt=\"\" width=\"200\" height=\"133\" \/>Da gioved\u00ec 26<\/strong>, fino a <strong>sabato 28 luglio<\/strong>, <strong>Misano Adriatico<\/strong> si anima con <strong>\u201cBallabellaradiofestival\u201d<\/strong>, manifestazione musicale che attira molto pubblico nella cittadina romagnola.<\/p>\n<p>\u201cBallabellaradiofestival\u201d \u00e8 un festival che si tiene, come ogni anno, a Piazzale Colombo, nella frazinoe di Portoverde di Misano Adriatico e che vede sfilare sul palco musica giovane e originale che, si spera, diventer\u00e0<!--more--> famosa in tutta Italia. Quella che si accinge a partire \u00e8 gi\u00e0 la tredicesima edizione della manifestazione: \u201cBallabellaradiofestival\u201d \u00e8 organizzato sotto la direzione artistica di Lorenzo Piani (cantautore e musicista) e che vede, oltre ai musicisti, anche ballerini e performer esibirsi sul palco romagnolo. Per questa edizione sul palco, ad accompagnare gli artisti, ci saranno i ragazzi della Scuola di ballo \u201cManuale di Danza\u201d con, in pi\u00f9, le sfilate di moda di alcune linee giovani.<\/p>\n<p>\u201cBallabellaradiofestival\u201d \u00e8 nato, infatti, nel 2000 con lo scopo di lanciare i successi di domani. Tra gli artisti che \u201cBallabellaradiofestival\u201d ha lanciato negli anni ne ricordiamo alcuni: Alessandra Vianello, Stefano Villani (che poi \u00e8 passato alla trasmissione \u201cAmici\u201d), Kymera, Fraska, Marian Trapassi o Cristiano Turato, del gruppo Nomadi. Come ogni anno parte del festival verr\u00e0 trasmesso con la diretta di Rai Uno e di Isoradio Rai.<\/p>\n<p>L&#8217;appuntamento con la musica, la moda e la danza \u00e8 quindi per il 26, 27 e 28 luglio prossimo a Misano Adriatico: \u201cBallabellaradiofestival\u201d, come ogni anno, porter\u00e0 in citt\u00e0 migliaia di turisti, giovani e aspiranti artisti, pronti a divertirsi e ballare al ritmo della musica di domani.<\/p>\n","protected":false},"excerpt":{"rendered":"<p>Da gioved&igrave; 26, fino a sabato 28 luglio, Misano Adriatico si anima con &ldquo;Ballabellaradiofestival&rdquo;, manifestazione musicale che attira molto pubblico nella cittadina romagnola. &ldquo;Ballabellaradiofestival&rdquo; &egrave; un festival che si tiene, come ogni anno, a Piazzale Colombo, nella frazinoe di Portoverde di Misano Adriatico e che vede sfilare sul palco musica giovane e originale che, si &#8230;<a class=\"post-readmore\" href=\"https:\/\/www.minicity.it\/blog\/2012\/07\/ballabellaradiofestival-musica-e-festa-a-misano-adriatico\/\">read more<\/a><\/p>\n","protected":false},"author":5,"featured_media":0,"comment_status":"open","ping_status":"open","sticky":false,"template":"","format":"standard","meta":{"footnotes":""},"categories":[3],"tags":[9,36],"class_list":["post-3882","post","type-post","status-publish","format-standard","hentry","category-turismo","tag-feste","tag-misano-adriatico"],"aioseo_notices":[],"_links":{"self":[{"href":"https:\/\/www.minicity.it\/blog\/wp-json\/wp\/v2\/posts\/3882","targetHints":{"allow":["GET"]}}],"collection":[{"href":"https:\/\/www.minicity.it\/blog\/wp-json\/wp\/v2\/posts"}],"about":[{"href":"https:\/\/www.minicity.it\/blog\/wp-json\/wp\/v2\/types\/post"}],"author":[{"embeddable":true,"href":"https:\/\/www.minicity.it\/blog\/wp-json\/wp\/v2\/users\/5"}],"replies":[{"embeddable":true,"href":"https:\/\/www.minicity.it\/blog\/wp-json\/wp\/v2\/comments?post=3882"}],"version-history":[{"count":0,"href":"https:\/\/www.minicity.it\/blog\/wp-json\/wp\/v2\/posts\/3882\/revisions"}],"wp:attachment":[{"href":"https:\/\/www.minicity.it\/blog\/wp-json\/wp\/v2\/media?parent=3882"}],"wp:term":[{"taxonomy":"category","embeddable":true,"href":"https:\/\/www.minicity.it\/blog\/wp-json\/wp\/v2\/categories?post=3882"},{"taxonomy":"post_tag","embeddable":true,"href":"https:\/\/www.minicity.it\/blog\/wp-json\/wp\/v2\/tags?post=3882"}],"curies":[{"name":"wp","href":"https:\/\/api.w.org\/{rel}","templated":true}]}}