{"id":3911,"date":"2012-08-07T10:11:11","date_gmt":"2012-08-07T10:11:11","guid":{"rendered":"https:\/\/www.minicity.it\/blog\/?p=3911"},"modified":"2012-08-07T10:11:24","modified_gmt":"2012-08-07T10:11:24","slug":"milano-marittima-corsa-sui-tacchi-a-spillo","status":"publish","type":"post","link":"https:\/\/www.minicity.it\/blog\/2012\/08\/milano-marittima-corsa-sui-tacchi-a-spillo\/","title":{"rendered":"Milano Marittima: corsa sui tacchi a spillo"},"content":{"rendered":"<p><strong><img loading=\"lazy\" decoding=\"async\" class=\"alignleft size-full wp-image-3913\" title=\"battagliatacchiaspillo\" src=\"https:\/\/www.minicity.it\/blog\/wp-content\/uploads\/2012\/08\/battagliatacchiaspillo.jpg\" alt=\"\" width=\"200\" height=\"125\" \/>Domenica 5 agosto a Milano Marittima<\/strong> si \u00e8 tenuta una gara molto divertente e intrigante. Si tratta della <strong>\u201cCorsa su tacchi a spillo\u201d<\/strong>, un evento organizzato da Trail Romagna e da Federeventi in pieno centro della Citt\u00e0 Giardino.<\/p>\n<p>Erano presenti per darsi<!--more--> <strong>battaglia circa 40 ragazze<\/strong>, di tutte le et\u00e0 e tutte rigorosamente sui tacchi. Ad aggiudicarsi la vittoria \u00e8 stata Arianna Errante, che ha tagliato il traguardo dei 50 metri con un tempo di soli 8 secondi. Il tutto su 12 centimetri di tacchi.<\/p>\n<p>La \u201cCorsa su tacchi a spillo\u201d fa parte della miriade di eventi che Milano Marittima e il Comune di Cervia stanno organizzando per il Centenario della Citt\u00e0, i cui festeggiamenti sono iniziati all&#8217;inizio dell&#8217;anno e che continueranno fino alla fine del 2012. Esattamente 100 anni fa, infatti, veniva fondata la &#8220;Societ\u00e0 Anonima Milano Marittima per lo sviluppo della spiaggia di Cervia&#8221; con la quale alcuni cittadini di Milano iniziarono i lavori di bonifica nella pineta cervese per poi costruire le villette per le loro vacanze estive. Da l\u00ec la citt\u00e0 \u00e8 sempre pi\u00f9 cresciuta, diventando uno dei luoghi pi\u00f9 rinomati e innovativi della Riviera Romagnola.<\/p>\n<p>Il culmine dei festeggiamenti si avr\u00e0 a Ferragosto, con lo spettacolo della cantante israeliana Noa. Con \u201cNoa Neoclassica\u201d il pubblico assister\u00e0 a pezzi classici della cantante rivisitati in chiave classica, fino a grandi successi della tradizione emiliano-romagnola. Noa sar\u00e0 accompagnata dalla Filarmonica Arturo Toscanini, diretta dal Maestro Ilan Mochiach e accompagnata dal chitarrista Gil Dor.<\/p>\n","protected":false},"excerpt":{"rendered":"<p>Domenica 5 agosto a Milano Marittima si &egrave; tenuta una gara molto divertente e intrigante. Si tratta della &ldquo;Corsa su tacchi a spillo&rdquo;, un evento organizzato da Trail Romagna e da Federeventi in pieno centro della Citt&agrave; Giardino. Erano presenti per darsi<\/p>\n","protected":false},"author":5,"featured_media":0,"comment_status":"open","ping_status":"open","sticky":false,"template":"","format":"standard","meta":{"footnotes":""},"categories":[3],"tags":[33,21],"class_list":["post-3911","post","type-post","status-publish","format-standard","hentry","category-turismo","tag-eventi-riviera","tag-milano-marittima"],"aioseo_notices":[],"_links":{"self":[{"href":"https:\/\/www.minicity.it\/blog\/wp-json\/wp\/v2\/posts\/3911","targetHints":{"allow":["GET"]}}],"collection":[{"href":"https:\/\/www.minicity.it\/blog\/wp-json\/wp\/v2\/posts"}],"about":[{"href":"https:\/\/www.minicity.it\/blog\/wp-json\/wp\/v2\/types\/post"}],"author":[{"embeddable":true,"href":"https:\/\/www.minicity.it\/blog\/wp-json\/wp\/v2\/users\/5"}],"replies":[{"embeddable":true,"href":"https:\/\/www.minicity.it\/blog\/wp-json\/wp\/v2\/comments?post=3911"}],"version-history":[{"count":0,"href":"https:\/\/www.minicity.it\/blog\/wp-json\/wp\/v2\/posts\/3911\/revisions"}],"wp:attachment":[{"href":"https:\/\/www.minicity.it\/blog\/wp-json\/wp\/v2\/media?parent=3911"}],"wp:term":[{"taxonomy":"category","embeddable":true,"href":"https:\/\/www.minicity.it\/blog\/wp-json\/wp\/v2\/categories?post=3911"},{"taxonomy":"post_tag","embeddable":true,"href":"https:\/\/www.minicity.it\/blog\/wp-json\/wp\/v2\/tags?post=3911"}],"curies":[{"name":"wp","href":"https:\/\/api.w.org\/{rel}","templated":true}]}}