{"id":3927,"date":"2012-08-22T15:11:33","date_gmt":"2012-08-22T15:11:33","guid":{"rendered":"https:\/\/www.minicity.it\/blog\/?p=3927"},"modified":"2012-08-22T15:11:33","modified_gmt":"2012-08-22T15:11:33","slug":"rimini-aperta-una-nuova-stazione-elettrica","status":"publish","type":"post","link":"https:\/\/www.minicity.it\/blog\/2012\/08\/rimini-aperta-una-nuova-stazione-elettrica\/","title":{"rendered":"Rimini: aperta una nuova stazione elettrica"},"content":{"rendered":"<p><strong><img loading=\"lazy\" decoding=\"async\" class=\"alignleft size-full wp-image-3929\" title=\"stazioneelettricarimini\" src=\"https:\/\/www.minicity.it\/blog\/wp-content\/uploads\/2012\/08\/stazioneelettricarimini.jpg\" alt=\"\" width=\"200\" height=\"150\" \/>La citt\u00e0 di Rimini<\/strong> continua il suo percorso verso la <strong>sostenibilit\u00e0<\/strong> e l&#8217;ecologia puntando sull&#8217;<strong>energia elettrica<\/strong>. A Rimini Fiera, infatti, ha appena aperto una nuova <strong>stazione di ricarica per veicoli elettrici<\/strong>. Si tratta della seconda postazione in citt\u00e0 (la prima \u00e8 stata aperta sul Lungomare di Rimini, in via Beccadelli): il progetto prevede che entro il 2012 verranno costruite 20 stazioni di ricarica in zone strategiche per le esigenze della mobilit\u00e0 cittadina.<!--more--><\/p>\n<p>Questo piano che il Comune di Rimini sta portando avanti fa parte del<strong> progetto Enel-Regione Emilia Romagna<\/strong> iniziato nel 2010 che si occupa della mobilit\u00e0 a zero emissioni attraverso la creazione di stazioni \u201cpulite\u201d in tutta la Regione dove l&#8217;utente pu\u00f2 ricaricare il suo veicolo tramite una card personalizzata che, comunque, non lo vincola a un distributore particolare. Si tratta di un grande progetto \u2013 il cui nome completo \u00e8 &#8221;Mi muovo Elettrico&#8221; \u2013 su scala regionale che \u00e8 stato addirittura selezionato dall&#8217;Autorit\u00e0&#8217; per l&#8217;Energia Elettrica e il Gas per ottenere finanziamenti. Rimini \u00e8 una delle dieci citt\u00e0 coinvolte insieme a Bologna, Rimini, Reggio Emilia, Imola, Modena e Piacenza. Il progetto poi verr\u00e0 esteso ad altre zone e citt\u00e0 della Regione e fuori dalla Regione.<\/p>\n<p>Per Rimini Fiera la scelta di ospitare una di queste stazioni \u00e8 molto importante perch\u00e9 dimostra ancora una volta l&#8217;impegno stretto con l&#8217;ambiente, le politiche sostenibili e la Green economy. Ricordiamo inoltre che Rimini Fiera ormai da diversi anni ospita uno dei pi\u00f9 grandi eventi nazionali legali all&#8217;ambiente <strong>\u201cEcomondo e Key Energy\u201d<\/strong>, che quest&#8217;anno torneranno a novembre proprio nei locali di Rimini Fiera.<\/p>\n","protected":false},"excerpt":{"rendered":"<p>La citt&agrave; di Rimini continua il suo percorso verso la sostenibilit&agrave; e l&rsquo;ecologia puntando sull&rsquo;energia elettrica. A Rimini Fiera, infatti, ha appena aperto una nuova stazione di ricarica per veicoli elettrici. Si tratta della seconda postazione in citt&agrave; (la prima &egrave; stata aperta sul Lungomare di Rimini, in via Beccadelli): il progetto prevede che entro &#8230;<a class=\"post-readmore\" href=\"https:\/\/www.minicity.it\/blog\/2012\/08\/rimini-aperta-una-nuova-stazione-elettrica\/\">read more<\/a><\/p>\n","protected":false},"author":1,"featured_media":0,"comment_status":"open","ping_status":"open","sticky":false,"template":"","format":"standard","meta":{"footnotes":""},"categories":[3],"tags":[10,57],"class_list":["post-3927","post","type-post","status-publish","format-standard","hentry","category-turismo","tag-rimini","tag-turismo-ecologico"],"aioseo_notices":[],"_links":{"self":[{"href":"https:\/\/www.minicity.it\/blog\/wp-json\/wp\/v2\/posts\/3927","targetHints":{"allow":["GET"]}}],"collection":[{"href":"https:\/\/www.minicity.it\/blog\/wp-json\/wp\/v2\/posts"}],"about":[{"href":"https:\/\/www.minicity.it\/blog\/wp-json\/wp\/v2\/types\/post"}],"author":[{"embeddable":true,"href":"https:\/\/www.minicity.it\/blog\/wp-json\/wp\/v2\/users\/1"}],"replies":[{"embeddable":true,"href":"https:\/\/www.minicity.it\/blog\/wp-json\/wp\/v2\/comments?post=3927"}],"version-history":[{"count":0,"href":"https:\/\/www.minicity.it\/blog\/wp-json\/wp\/v2\/posts\/3927\/revisions"}],"wp:attachment":[{"href":"https:\/\/www.minicity.it\/blog\/wp-json\/wp\/v2\/media?parent=3927"}],"wp:term":[{"taxonomy":"category","embeddable":true,"href":"https:\/\/www.minicity.it\/blog\/wp-json\/wp\/v2\/categories?post=3927"},{"taxonomy":"post_tag","embeddable":true,"href":"https:\/\/www.minicity.it\/blog\/wp-json\/wp\/v2\/tags?post=3927"}],"curies":[{"name":"wp","href":"https:\/\/api.w.org\/{rel}","templated":true}]}}