{"id":3937,"date":"2012-08-24T14:56:07","date_gmt":"2012-08-24T14:56:07","guid":{"rendered":"https:\/\/www.minicity.it\/blog\/?p=3937"},"modified":"2012-08-24T14:56:07","modified_gmt":"2012-08-24T14:56:07","slug":"werther-morigi-in-mostra-a-milano-marittima-un-secolo-di-colori","status":"publish","type":"post","link":"https:\/\/www.minicity.it\/blog\/2012\/08\/werther-morigi-in-mostra-a-milano-marittima-un-secolo-di-colori\/","title":{"rendered":"Werther Morigi in mostra a Milano Marittima: \u201cUn Secolo di Colori\u201d"},"content":{"rendered":"<p><strong><img loading=\"lazy\" decoding=\"async\" class=\"alignleft size-full wp-image-3938\" title=\"Werther-Morigimostramilanomarittima\" src=\"https:\/\/www.minicity.it\/blog\/wp-content\/uploads\/2012\/08\/Werther-Morigimostramilanomarittima.jpg\" alt=\"\" width=\"200\" height=\"150\" \/>A Milano Marittima<\/strong> \u00e8 stata recentemente inaugurata una mostra di grande interesse. Si tratta di una retrospettiva dedicata a <strong>Werther Morigi dal titolo \u201cUn Secolo di Colori\u201d<\/strong>. Werther Morigi \u00e8 uno degli artisti romagnoli pi\u00f9 famosi: scomparso nel 1990 \u00e8 noto per le sue atmosfere rarefatte e per l&#8217;uso dei colori. Le sue opere sono spesso dedicate a momenti di vita in Romagna o a nature morte. Le sue<!--more--> opere sono state esposte a Roma, New York, Parigi, Firenze, Vienna, Londra e Milano.<\/p>\n<p>La mostra <strong>\u201cUn Secolo di Colori\u201d<\/strong> fa parte delle tante iniziative che il Comune di Cervia ha organizzato per il Centenario di Milano Marittima, che proprio quest&#8217;anno conta i cento anni dalla sua fondazione. Gi\u00e0 dall&#8217;inizio del 2012 la cittadina festeggia con eventi, concerti, manifestazioni e mostre. Il tutto proseguir\u00e0 fino alla fine dell&#8217;anno con tante sorprese e novit\u00e0. Proprio nell&#8217;agosto del 1912, infatti, nasceva a Milano la &#8220;Societ\u00e0 Anonima Milano Marittima per lo sviluppo della spiaggia di Cervia&#8221; con la quale alcuni cittadini di Milano decisero di costruire case di villeggiatura nella fresca pineta cervese. Cos\u00ec si diedero il via i lavori per quella che oggi \u00e8 conosciuta come \u201cla citt\u00e0 giardino\u201d.<\/p>\n<p>\u201cUn Secolo di Colori\u201d si tiene alla Alla Bottega d\u2019Arte, che si trova viale Romagna numero 63 a Milano Marittima e rester\u00e0 aperta fino al prossimo 23 settembre. \u201cUn Secolo di Colori\u201d \u00e8 visibile al pubblico dalle 17:30 alle 19:30 e dalla 21:00 alle 24:00.<\/p>\n<p><strong>Per maggiori informazioni<\/strong> o per una visita guidata chiamare il numero 329.9264309 \u2013 329.0677970.<\/p>\n","protected":false},"excerpt":{"rendered":"<p>A Milano Marittima &egrave; stata recentemente inaugurata una mostra di grande interesse. Si tratta di una retrospettiva dedicata a Werther Morigi dal titolo &ldquo;Un Secolo di Colori&rdquo;. Werther Morigi &egrave; uno degli artisti romagnoli pi&ugrave; famosi: scomparso nel 1990 &egrave; noto per le sue atmosfere rarefatte e per l&rsquo;uso dei colori. Le sue opere sono &#8230;<a class=\"post-readmore\" href=\"https:\/\/www.minicity.it\/blog\/2012\/08\/werther-morigi-in-mostra-a-milano-marittima-un-secolo-di-colori\/\">read more<\/a><\/p>\n","protected":false},"author":5,"featured_media":0,"comment_status":"open","ping_status":"open","sticky":false,"template":"","format":"standard","meta":{"footnotes":""},"categories":[3],"tags":[21,63],"class_list":["post-3937","post","type-post","status-publish","format-standard","hentry","category-turismo","tag-milano-marittima","tag-mostre-cesenatico"],"aioseo_notices":[],"_links":{"self":[{"href":"https:\/\/www.minicity.it\/blog\/wp-json\/wp\/v2\/posts\/3937","targetHints":{"allow":["GET"]}}],"collection":[{"href":"https:\/\/www.minicity.it\/blog\/wp-json\/wp\/v2\/posts"}],"about":[{"href":"https:\/\/www.minicity.it\/blog\/wp-json\/wp\/v2\/types\/post"}],"author":[{"embeddable":true,"href":"https:\/\/www.minicity.it\/blog\/wp-json\/wp\/v2\/users\/5"}],"replies":[{"embeddable":true,"href":"https:\/\/www.minicity.it\/blog\/wp-json\/wp\/v2\/comments?post=3937"}],"version-history":[{"count":0,"href":"https:\/\/www.minicity.it\/blog\/wp-json\/wp\/v2\/posts\/3937\/revisions"}],"wp:attachment":[{"href":"https:\/\/www.minicity.it\/blog\/wp-json\/wp\/v2\/media?parent=3937"}],"wp:term":[{"taxonomy":"category","embeddable":true,"href":"https:\/\/www.minicity.it\/blog\/wp-json\/wp\/v2\/categories?post=3937"},{"taxonomy":"post_tag","embeddable":true,"href":"https:\/\/www.minicity.it\/blog\/wp-json\/wp\/v2\/tags?post=3937"}],"curies":[{"name":"wp","href":"https:\/\/api.w.org\/{rel}","templated":true}]}}