{"id":3961,"date":"2012-08-29T15:07:40","date_gmt":"2012-08-29T15:07:40","guid":{"rendered":"https:\/\/www.minicity.it\/blog\/?p=3961"},"modified":"2012-08-29T15:07:40","modified_gmt":"2012-08-29T15:07:40","slug":"misano-adriatico-si-prepara-al-misano-world-week-end","status":"publish","type":"post","link":"https:\/\/www.minicity.it\/blog\/2012\/08\/misano-adriatico-si-prepara-al-misano-world-week-end\/","title":{"rendered":"Misano Adriatico si prepara al Misano World Week End"},"content":{"rendered":"<p><strong><a href=\"https:\/\/www.minicity.it\/blog\/wp-content\/uploads\/2012\/08\/Misano-World-Week-End.jpg\"><img loading=\"lazy\" decoding=\"async\" class=\"alignleft size-full wp-image-3962\" title=\"Misano-World-Week-End\" src=\"https:\/\/www.minicity.it\/blog\/wp-content\/uploads\/2012\/08\/Misano-World-Week-End.jpg\" alt=\"\" width=\"200\" height=\"150\" \/><\/a>Misano Adriatico<\/strong> si sta preparando ad ospitare uno dei maggiori eventi sportivi su scala mondiale. Si tratta <strong>del 13\u00b0 round del Campionato mondiale di Moto GP<\/strong>, evento che porter\u00e0<\/p>\n<p>nella cittadina romagnola non solo sportivo, ma anche curiosi, fan, personale<!--more--> tecnico e giornalisti. Per questo Misano si sta organizzando, per il quarto anno consecutivo, per dare il meglio di s\u00e9 con il <strong>Misano World Week End<\/strong>, ovvero le manifestazioni legate al Campionato che si tengono in citt\u00e0 durante lo stesso fine settimana. La maggior parte degli eventi del Misano World Week End si terranno a Misano Mare e Misano Brasile.<\/p>\n<p><strong>Si parte mercoled\u00ec 12 settembre<\/strong> con la Festa dello Spiedino e della Lanterna, prima edizione di una manifestazioni che si terr\u00e0 al Parco del Sole a Misano Brasile. L&#8217;evento \u00e8 organizzato dai motociclisti di Tanzania in Lambretta e dalla pro loco. Si manger\u00e0 a partire dalla 20:00; inoltre, durante la serata ci sar\u00e0 una mostra di moto d&#8217;epoca.<\/p>\n<p><strong>Gioved\u00ec 13<\/strong> tocca al Dedikato, evento giunto alla sua sesta edizione: durante la giornata, dedicata a Marco Simoncelli, ci saranno gare, musica e spettacoli.<\/p>\n<p><strong>Venerd\u00ec 14<\/strong> settembre \u00e8 la volta del Challenge flat track, la gara dedicata alle moto dotate di un solo freno, che si terr\u00e0 i contemporanea con il Moto GP Football match.<\/p>\n<p>L&#8217;emozionante fine settimana di Misano si chiude sabato 15 settembre con il 5\u00b0 Round del campionato italiano FMI di Speedway Individuale Open 2012.<\/p>\n<p>Insomma, tutti appuntamenti da non mancare per un fine settimana all&#8217;insegna del divertimento e dei motori!<\/p>\n<p>Misano Adriatico si prepara al Misano World Week End<\/p>\n","protected":false},"excerpt":{"rendered":"<p>Misano Adriatico si sta preparando ad ospitare uno dei maggiori eventi sportivi su scala mondiale. Si tratta del 13&deg; round del Campionato mondiale di Moto GP, evento che porter&agrave; nella cittadina romagnola non solo sportivo, ma anche curiosi, fan, personale<\/p>\n","protected":false},"author":1,"featured_media":0,"comment_status":"open","ping_status":"open","sticky":false,"template":"","format":"standard","meta":{"footnotes":""},"categories":[3],"tags":[36,49],"class_list":["post-3961","post","type-post","status-publish","format-standard","hentry","category-turismo","tag-misano-adriatico","tag-sport"],"aioseo_notices":[],"_links":{"self":[{"href":"https:\/\/www.minicity.it\/blog\/wp-json\/wp\/v2\/posts\/3961","targetHints":{"allow":["GET"]}}],"collection":[{"href":"https:\/\/www.minicity.it\/blog\/wp-json\/wp\/v2\/posts"}],"about":[{"href":"https:\/\/www.minicity.it\/blog\/wp-json\/wp\/v2\/types\/post"}],"author":[{"embeddable":true,"href":"https:\/\/www.minicity.it\/blog\/wp-json\/wp\/v2\/users\/1"}],"replies":[{"embeddable":true,"href":"https:\/\/www.minicity.it\/blog\/wp-json\/wp\/v2\/comments?post=3961"}],"version-history":[{"count":0,"href":"https:\/\/www.minicity.it\/blog\/wp-json\/wp\/v2\/posts\/3961\/revisions"}],"wp:attachment":[{"href":"https:\/\/www.minicity.it\/blog\/wp-json\/wp\/v2\/media?parent=3961"}],"wp:term":[{"taxonomy":"category","embeddable":true,"href":"https:\/\/www.minicity.it\/blog\/wp-json\/wp\/v2\/categories?post=3961"},{"taxonomy":"post_tag","embeddable":true,"href":"https:\/\/www.minicity.it\/blog\/wp-json\/wp\/v2\/tags?post=3961"}],"curies":[{"name":"wp","href":"https:\/\/api.w.org\/{rel}","templated":true}]}}