{"id":3988,"date":"2012-08-31T15:49:13","date_gmt":"2012-08-31T15:49:13","guid":{"rendered":"https:\/\/www.minicity.it\/blog\/?p=3988"},"modified":"2020-02-14T10:58:41","modified_gmt":"2020-02-14T10:58:41","slug":"cesenatico-torna-a-celebrare-la-piadina-romagnola","status":"publish","type":"post","link":"https:\/\/www.minicity.it\/blog\/2012\/08\/cesenatico-torna-a-celebrare-la-piadina-romagnola\/","title":{"rendered":"Cesenatico torna a celebrare la piadina romagnola"},"content":{"rendered":"<p><a href=\"https:\/\/www.minicity.it\/blog\/wp-content\/uploads\/2012\/08\/piadinadayscesenatico.jpg\"><img loading=\"lazy\" decoding=\"async\" class=\"alignleft size-full wp-image-3990\" title=\"piadinadayscesenatico\" src=\"https:\/\/www.minicity.it\/blog\/wp-content\/uploads\/2012\/08\/piadinadayscesenatico.jpg\" alt=\"\" width=\"200\" height=\"134\" \/><\/a>L&#8217;<strong>8 e il 9 settembre Cesenatico<\/strong> festeggia la <strong>Piadina Romagnola<\/strong> con i <strong>\u201cPiadina Days\u201d<\/strong>, evento che quest&#8217;anno \u00e8 giunto alla <strong>terza edizione<\/strong> e che di anno in anno aumenta il successo. I <strong>\u201cPiadina Days\u201d<\/strong> coinvolgono una trentina di comuni in tutta la Romagna, la maggior parte nella<!--more--> provincia di Forl\u00ec-Cesena. Per l&#8217;occasione i bar, i chioschi e i ristoranti delle citt\u00e0 che aderiscono all&#8217;iniziativa proporranno ai turisti e ai golosi le loro migliori piadine, farcite in modi divertenti e gustosi.<\/p>\n<p><strong>Cesenatico<\/strong> quest&#8217;anno ha deciso di dedicarsi non solo alla piada, ma altri due prodotti tipici del suo territorio: il liscio e la saraghina, pesce azzurro tipico dell&#8217;Adriatico. I festeggiamenti a Cesenatico sono previsti in <strong>Piazza Costa e in Piazza Matteotti<\/strong>. Qui si terranno diverse attivit\u00e0, ludiche e golose. Sabato 8 settembre, dalle ore 16:00, in piazza Matteotti \u00e8 previsto un angolo-laboratorio per i bambini dal titolo \u201cPrepariamo la piadina\u201d, che permetter\u00e0 anche ai pi\u00f9 piccini di divertirsi con l&#8217;impasto. Sempre per i bambini, domenica nove \u00e8 previsto un altro laboratorio, &#8220;Stampa delle tele romagnole&#8221;, a cura dell&#8217;Associazione &#8220;L&#8217;Abbraccio&#8221;. Per entrambi i laboratori la partecipazione \u00e8 gratuita.<\/p>\n<p><strong>La sera<\/strong> ovviamente si fa festa, con musica, cibo e intrattenimenti con l&#8217;Orchestra I Barcellona. Per maggiori informazioni consultare il sito della manifestazione, dove troverete il programma completo non solo di Cesenatico, ma di tutte le citt\u00e0 che aderiscono all&#8217;iniziativa l&#8217;8 e il 9 settembre.<\/p>\n","protected":false},"excerpt":{"rendered":"<p>L&rsquo;8 e il 9 settembre Cesenatico festeggia la Piadina Romagnola con i &ldquo;Piadina Days&rdquo;, evento che quest&rsquo;anno &egrave; giunto alla terza edizione e che di anno in anno aumenta il successo. I &ldquo;Piadina Days&rdquo; coinvolgono una trentina di comuni in tutta la Romagna, la maggior parte nella<\/p>\n","protected":false},"author":5,"featured_media":0,"comment_status":"open","ping_status":"open","sticky":false,"template":"","format":"standard","meta":{"footnotes":""},"categories":[3],"tags":[38,54],"class_list":["post-3988","post","type-post","status-publish","format-standard","hentry","category-turismo","tag-cesenatico","tag-eventi-enogastronomici"],"aioseo_notices":[],"_links":{"self":[{"href":"https:\/\/www.minicity.it\/blog\/wp-json\/wp\/v2\/posts\/3988","targetHints":{"allow":["GET"]}}],"collection":[{"href":"https:\/\/www.minicity.it\/blog\/wp-json\/wp\/v2\/posts"}],"about":[{"href":"https:\/\/www.minicity.it\/blog\/wp-json\/wp\/v2\/types\/post"}],"author":[{"embeddable":true,"href":"https:\/\/www.minicity.it\/blog\/wp-json\/wp\/v2\/users\/5"}],"replies":[{"embeddable":true,"href":"https:\/\/www.minicity.it\/blog\/wp-json\/wp\/v2\/comments?post=3988"}],"version-history":[{"count":1,"href":"https:\/\/www.minicity.it\/blog\/wp-json\/wp\/v2\/posts\/3988\/revisions"}],"predecessor-version":[{"id":4879,"href":"https:\/\/www.minicity.it\/blog\/wp-json\/wp\/v2\/posts\/3988\/revisions\/4879"}],"wp:attachment":[{"href":"https:\/\/www.minicity.it\/blog\/wp-json\/wp\/v2\/media?parent=3988"}],"wp:term":[{"taxonomy":"category","embeddable":true,"href":"https:\/\/www.minicity.it\/blog\/wp-json\/wp\/v2\/categories?post=3988"},{"taxonomy":"post_tag","embeddable":true,"href":"https:\/\/www.minicity.it\/blog\/wp-json\/wp\/v2\/tags?post=3988"}],"curies":[{"name":"wp","href":"https:\/\/api.w.org\/{rel}","templated":true}]}}