{"id":400,"date":"2011-03-07T10:47:08","date_gmt":"2011-03-07T10:47:08","guid":{"rendered":"https:\/\/www.minicity.it\/blog\/?p=400"},"modified":"2011-03-07T10:47:08","modified_gmt":"2011-03-07T10:47:08","slug":"forli-mangiare-bene-nelle-scuole","status":"publish","type":"post","link":"https:\/\/www.minicity.it\/blog\/2011\/03\/forli-mangiare-bene-nelle-scuole\/","title":{"rendered":"Forl\u00ec: mangiare bene nelle scuole"},"content":{"rendered":"<p>Il Coni della Provincia di Forl\u00ec- Cesena (Comitato olimpico nazionale italiano), in collaborazione con l&#8217;Associazione Medico Sportiva Provinciale e con l&#8217;Ufficio Scolastico Provinciale, ha deciso di organizzare una serie di incontri sull&#8217;alimentazione corretta nelle scuole dal titolo &#8220;Alimentazione Sportiva e corretti stili di vita. Attivit\u00e0 fisica nel bambino e nell&#8217;adolescente&#8221;. Gli incontri verrano coordinati da Giancarlo Battistini, vicepresidente Coni Forl\u00ec-Cesena e docente della Scuola Regionale dello Sport.<\/p>\n<p>Con questa iniziativa il Coni intende promuovere maggiormente lo sport nelle scuole, per stimolare le attivit\u00e0 fisiche nei bambini e negli adolescenti. Hanno gi\u00e0 aderito 16 scuole, per un totale di 73 classi e 1618 bambini. L&#8217;iniziativa partir\u00e0 nei mesi a venire.<\/p>\n","protected":false},"excerpt":{"rendered":"<p>Il Coni della Provincia di Forl&igrave;- Cesena (Comitato olimpico nazionale italiano), in collaborazione con l&rsquo;Associazione Medico Sportiva Provinciale e con l&rsquo;Ufficio Scolastico Provinciale, ha deciso di organizzare una serie di incontri sull&rsquo;alimentazione corretta nelle scuole dal titolo &ldquo;Alimentazione Sportiva e corretti stili di vita. Attivit&agrave; fisica nel bambino e nell&rsquo;adolescente&rdquo;. Gli incontri verrano coordinati da &#8230;<a class=\"post-readmore\" href=\"https:\/\/www.minicity.it\/blog\/2011\/03\/forli-mangiare-bene-nelle-scuole\/\">read more<\/a><\/p>\n","protected":false},"author":1,"featured_media":0,"comment_status":"open","ping_status":"open","sticky":false,"template":"","format":"standard","meta":{"footnotes":""},"categories":[3],"tags":[24],"class_list":["post-400","post","type-post","status-publish","format-standard","hentry","category-turismo","tag-forli-cesena"],"aioseo_notices":[],"_links":{"self":[{"href":"https:\/\/www.minicity.it\/blog\/wp-json\/wp\/v2\/posts\/400","targetHints":{"allow":["GET"]}}],"collection":[{"href":"https:\/\/www.minicity.it\/blog\/wp-json\/wp\/v2\/posts"}],"about":[{"href":"https:\/\/www.minicity.it\/blog\/wp-json\/wp\/v2\/types\/post"}],"author":[{"embeddable":true,"href":"https:\/\/www.minicity.it\/blog\/wp-json\/wp\/v2\/users\/1"}],"replies":[{"embeddable":true,"href":"https:\/\/www.minicity.it\/blog\/wp-json\/wp\/v2\/comments?post=400"}],"version-history":[{"count":0,"href":"https:\/\/www.minicity.it\/blog\/wp-json\/wp\/v2\/posts\/400\/revisions"}],"wp:attachment":[{"href":"https:\/\/www.minicity.it\/blog\/wp-json\/wp\/v2\/media?parent=400"}],"wp:term":[{"taxonomy":"category","embeddable":true,"href":"https:\/\/www.minicity.it\/blog\/wp-json\/wp\/v2\/categories?post=400"},{"taxonomy":"post_tag","embeddable":true,"href":"https:\/\/www.minicity.it\/blog\/wp-json\/wp\/v2\/tags?post=400"}],"curies":[{"name":"wp","href":"https:\/\/api.w.org\/{rel}","templated":true}]}}