{"id":4019,"date":"2012-09-05T14:46:50","date_gmt":"2012-09-05T14:46:50","guid":{"rendered":"https:\/\/www.minicity.it\/blog\/?p=4019"},"modified":"2012-09-05T14:46:50","modified_gmt":"2012-09-05T14:46:50","slug":"dedikato-a-misano-adriatico-il-13-settembre","status":"publish","type":"post","link":"https:\/\/www.minicity.it\/blog\/2012\/09\/dedikato-a-misano-adriatico-il-13-settembre\/","title":{"rendered":"Dedikato: a Misano Adriatico il 13 settembre"},"content":{"rendered":"<p><strong><img loading=\"lazy\" decoding=\"async\" class=\"alignleft size-full wp-image-4020\" title=\"dedikato2012misanoadriatico\" src=\"https:\/\/www.minicity.it\/blog\/wp-content\/uploads\/2012\/09\/dedikato2012misanoadriatico.jpg\" alt=\"\" width=\"200\" height=\"133\" \/>Il prossimo 13 settembre<\/strong> si terr\u00e0 il <strong>\u201cDedikato 2012\u201d<\/strong> che quest&#8217;anno presenta molte novit\u00e0. Come ogni anno il \u201cDedikato 2012\u201d si terr\u00e0 in concomitanza con il<strong> Dedikato: a Misano il 13 settembre<\/strong> e quello della Riviera di Rimini di MotoGP. Per il 2012 cambier\u00e0 la location: a partire dalle ore 21:00 di gioved\u00ec 13 settembre, infatti, il Dedikato si trasferisce<!--more--> all&#8217;arena 58 nel centro di <strong>Misano Adriatico<\/strong>, in via Romagna.<\/p>\n<p>Inoltre, per il 2012 cambia anche il formato: <strong>\u201cSliding on dirt\u201d<\/strong> che quest&#8217;anno sar\u00e0 dedicata a Marco Simoncelli, il pilota di Riccione scomparso lo scorso ottobre a Sepang durante il Gran Premio della Malesia. Come ogni anno ci saranno gare, paddock, giornalisti, comici, concerti, cibo e divertimento. La musica sar\u00e0 affidata alla band inglese \u201cThe Rainband\u201d, che ha appena dedicato un pezzo a Super Sic.<\/p>\n<p>Per l&#8217;occasione sono attesi a Misano Adriatico curiosi, sportivi e amanti delle moto e dei motori, per una serata che al centro ha lo sport, ma anche la solidariet\u00e0 e il rispetto.<\/p>\n<p>\u201cDedikato 2012\u201d \u00e8 una manifestazione che gode del patrocinio del Comune di Misano Adriatico. \u00c8 organizzato da Misano Eventi, in collaborazione con i Promotori del <strong>Gran Premio di San Marino<\/strong> e della Riviera di Rimini, Dorna, Irta e con il contributo della Regione Emilia Romagna. L&#8217;ingresso a \u201cDedikato 2012\u201d \u00e8 gratuito. Tutto il ricavato della serata verr\u00e0 devoluto alla Fondazione Marco Simoncelli, onlus nata dopo la morte di Super Sic per volont\u00e0 dei genitori che oggi sostiene progetti di solidariet\u00e0 in Italia e all&#8217;estero.<\/p>\n<p><strong>Per maggiori informazioni<\/strong> consultare il sito internet <strong>www.dedikato.com<\/strong>.<\/p>\n","protected":false},"excerpt":{"rendered":"<p>Il prossimo 13 settembre si terr&agrave; il &ldquo;Dedikato 2012&rdquo; che quest&rsquo;anno presenta molte novit&agrave;. Come ogni anno il &ldquo;Dedikato 2012&rdquo; si terr&agrave; in concomitanza con il Dedikato: a Misano il 13 settembre e quello della Riviera di Rimini di MotoGP. Per il 2012 cambier&agrave; la location: a partire dalle ore 21:00 di gioved&igrave; 13 settembre, &#8230;<a class=\"post-readmore\" href=\"https:\/\/www.minicity.it\/blog\/2012\/09\/dedikato-a-misano-adriatico-il-13-settembre\/\">read more<\/a><\/p>\n","protected":false},"author":5,"featured_media":0,"comment_status":"open","ping_status":"open","sticky":false,"template":"","format":"standard","meta":{"footnotes":""},"categories":[3],"tags":[36,49],"class_list":["post-4019","post","type-post","status-publish","format-standard","hentry","category-turismo","tag-misano-adriatico","tag-sport"],"aioseo_notices":[],"_links":{"self":[{"href":"https:\/\/www.minicity.it\/blog\/wp-json\/wp\/v2\/posts\/4019","targetHints":{"allow":["GET"]}}],"collection":[{"href":"https:\/\/www.minicity.it\/blog\/wp-json\/wp\/v2\/posts"}],"about":[{"href":"https:\/\/www.minicity.it\/blog\/wp-json\/wp\/v2\/types\/post"}],"author":[{"embeddable":true,"href":"https:\/\/www.minicity.it\/blog\/wp-json\/wp\/v2\/users\/5"}],"replies":[{"embeddable":true,"href":"https:\/\/www.minicity.it\/blog\/wp-json\/wp\/v2\/comments?post=4019"}],"version-history":[{"count":0,"href":"https:\/\/www.minicity.it\/blog\/wp-json\/wp\/v2\/posts\/4019\/revisions"}],"wp:attachment":[{"href":"https:\/\/www.minicity.it\/blog\/wp-json\/wp\/v2\/media?parent=4019"}],"wp:term":[{"taxonomy":"category","embeddable":true,"href":"https:\/\/www.minicity.it\/blog\/wp-json\/wp\/v2\/categories?post=4019"},{"taxonomy":"post_tag","embeddable":true,"href":"https:\/\/www.minicity.it\/blog\/wp-json\/wp\/v2\/tags?post=4019"}],"curies":[{"name":"wp","href":"https:\/\/api.w.org\/{rel}","templated":true}]}}