{"id":4024,"date":"2012-09-06T10:43:26","date_gmt":"2012-09-06T10:43:26","guid":{"rendered":"https:\/\/www.minicity.it\/blog\/?p=4024"},"modified":"2012-09-06T10:43:26","modified_gmt":"2012-09-06T10:43:26","slug":"riccione-tornano-le-giornate-della-polizia-locale","status":"publish","type":"post","link":"https:\/\/www.minicity.it\/blog\/2012\/09\/riccione-tornano-le-giornate-della-polizia-locale\/","title":{"rendered":"Riccione: tornano le &#8220;Giornate della Polizia Locale&#8221;"},"content":{"rendered":"<p><strong><img loading=\"lazy\" decoding=\"async\" class=\"alignleft size-full wp-image-4026\" title=\"poliziariccione\" src=\"https:\/\/www.minicity.it\/blog\/wp-content\/uploads\/2012\/09\/poliziariccione.jpg\" alt=\"\" width=\"200\" height=\"183\" \/>Dal 20 al 22 settembre Riccione<\/strong> si prepara ad ospitare le <strong>&#8220;Giornate della Polizia Locale&#8221;<\/strong>. Si tratta della trentunesima edizione di una manifestazione che porter\u00e0 bella Perla Verde, come da diversi anni a questa parte, i rappresentanti delle forze dell&#8217;ordine dei comuni e delle citt\u00e0 di tutta Italia, giornalisti, esperti di diritto e di urbanistica.<!--more--><\/p>\n<p>Le &#8220;Giornate della Polizia Locale&#8221; si terranno al <strong>Palazzo dei Congressi di Riccione<\/strong> e al <strong>Palazzo del Turismo di Riccione<\/strong>. Sono attesti oltre 2500 partecipanti attivi, tra ufficiali, Comandanti, Agenti di Polizia, Amministratori, Dirigenti e Funzionari degli Enti Locali. Durante la due giorni verranno presentate le ultime novit\u00e0 per quanto riguarda le nuove tecnologie, verr\u00e0 fatto il punto sulle normative e si discuter\u00e0 del futuro della Polizia. Le &#8220;Giornate della Polizia Locale&#8221;, inoltre, sono pensate come sede di approfondimento, con convegni e workshop: per questo sono attesi a Riccione pi\u00f9 di 200 relatori, che racconteranno i vari aspetti di questo duro mestiere. Inoltre, di fianco ai lavori del convegno, \u00e8 prevista anche una mostra expo riservata ai professionisti che vedr\u00e0 arrivare a Riccione oltre 100 aziende espositrici.<\/p>\n<p>Le &#8220;Giornate della Polizia Locale&#8221; fanno parte degli eventi che il Comune di Riccione organizza e sostiene per sviluppare un turismo che non sia solo legato al mare e all&#8217;estate. In questo modo l&#8217;amministrazione comunale tenta di fare della Perla Verde un punto di attrazione commerciale, culturale e economica in modo da destagionalizzare il turismo.<\/p>\n<p><strong>Per maggiori informazioni<\/strong> sulle &#8220;Giornate della Polizia Locale&#8221; consultare il sito internet della manifestazione all&#8217;indirizzo <a href=\"http:\/\/www.legiornatedellapolizialocale.it\" target=\"_blank\">www.legiornatedellapolizialocale.it<\/a>, oppure telefonare al numero della segreteria organizzativa: 0541.628784.<\/p>\n","protected":false},"excerpt":{"rendered":"<p>Dal 20 al 22 settembre Riccione si prepara ad ospitare le &ldquo;Giornate della Polizia Locale&rdquo;. Si tratta della trentunesima edizione di una manifestazione che porter&agrave; bella Perla Verde, come da diversi anni a questa parte, i rappresentanti delle forze dell&rsquo;ordine dei comuni e delle citt&agrave; di tutta Italia, giornalisti, esperti di diritto e di urbanistica.<\/p>\n","protected":false},"author":5,"featured_media":0,"comment_status":"open","ping_status":"open","sticky":false,"template":"","format":"standard","meta":{"footnotes":""},"categories":[3],"tags":[33,34],"class_list":["post-4024","post","type-post","status-publish","format-standard","hentry","category-turismo","tag-eventi-riviera","tag-riccione"],"aioseo_notices":[],"_links":{"self":[{"href":"https:\/\/www.minicity.it\/blog\/wp-json\/wp\/v2\/posts\/4024","targetHints":{"allow":["GET"]}}],"collection":[{"href":"https:\/\/www.minicity.it\/blog\/wp-json\/wp\/v2\/posts"}],"about":[{"href":"https:\/\/www.minicity.it\/blog\/wp-json\/wp\/v2\/types\/post"}],"author":[{"embeddable":true,"href":"https:\/\/www.minicity.it\/blog\/wp-json\/wp\/v2\/users\/5"}],"replies":[{"embeddable":true,"href":"https:\/\/www.minicity.it\/blog\/wp-json\/wp\/v2\/comments?post=4024"}],"version-history":[{"count":0,"href":"https:\/\/www.minicity.it\/blog\/wp-json\/wp\/v2\/posts\/4024\/revisions"}],"wp:attachment":[{"href":"https:\/\/www.minicity.it\/blog\/wp-json\/wp\/v2\/media?parent=4024"}],"wp:term":[{"taxonomy":"category","embeddable":true,"href":"https:\/\/www.minicity.it\/blog\/wp-json\/wp\/v2\/categories?post=4024"},{"taxonomy":"post_tag","embeddable":true,"href":"https:\/\/www.minicity.it\/blog\/wp-json\/wp\/v2\/tags?post=4024"}],"curies":[{"name":"wp","href":"https:\/\/api.w.org\/{rel}","templated":true}]}}