{"id":409,"date":"2011-03-09T10:06:05","date_gmt":"2011-03-09T10:06:05","guid":{"rendered":"https:\/\/www.minicity.it\/blog\/?p=409"},"modified":"2011-03-09T13:16:05","modified_gmt":"2011-03-09T13:16:05","slug":"giornate-di-formazione-per-il-benessere","status":"publish","type":"post","link":"https:\/\/www.minicity.it\/blog\/2011\/03\/giornate-di-formazione-per-il-benessere\/","title":{"rendered":"Giornate di Formazione per il benessere"},"content":{"rendered":"<p><a href=\"https:\/\/www.minicity.it\/blog\/wp-content\/uploads\/2010\/11\/hotel-benessere.jpg\" target=\"_blank\"><img loading=\"lazy\" decoding=\"async\" class=\"alignleft size-full wp-image-190\" style=\"margin: 5px 8px;\" title=\"hotel-benessere\" src=\"https:\/\/www.minicity.it\/blog\/wp-content\/uploads\/2010\/11\/hotel-benessere.jpg\" alt=\"\" width=\"180\" height=\"146\" \/><\/a>Formazione su trattamenti salini per il benessere&#8230;<\/p>\n<p><strong>CERVIA.<\/strong> Ritornano le giornate dedicate ai centri benessere, spa, estetiste sui trattamenti salini per il benessere del proprio corpo e mente. Le giornate sono organizzate e promosse dal Parco della Salina, dove il primo appuntamento si svolger\u00e0 presso il Centro visita della salina questa Domenica.<\/p>\n<p>A condurre i corsi saranno un erborista che spiegher\u00e0 le propriet\u00e0 dei vari prodotti salini, mentre per la parte applicativa sar\u00e0 dimostrata da un estetista professionista nello stabilimento salifero nella Stanza del Sale.<\/p>\n<p>Per la parte inerente alle apparecchiature e ai centri benessere se ne occuper\u00e0 una ditta specializzata del settore&#8230;<\/p>\n<p>&nbsp;<\/p>\n","protected":false},"excerpt":{"rendered":"<p>Formazione su trattamenti salini per il benessere&hellip; CERVIA. Ritornano le giornate dedicate ai centri benessere, spa, estetiste sui trattamenti salini per il benessere del proprio corpo e mente. Le giornate sono organizzate e promosse dal Parco della Salina, dove il primo appuntamento si svolger&agrave; presso il Centro visita della salina questa Domenica. A condurre i &#8230;<a class=\"post-readmore\" href=\"https:\/\/www.minicity.it\/blog\/2011\/03\/giornate-di-formazione-per-il-benessere\/\">read more<\/a><\/p>\n","protected":false},"author":1,"featured_media":0,"comment_status":"open","ping_status":"open","sticky":false,"template":"","format":"standard","meta":{"footnotes":""},"categories":[3],"tags":[20,33],"class_list":["post-409","post","type-post","status-publish","format-standard","hentry","category-turismo","tag-cervia","tag-eventi-riviera"],"aioseo_notices":[],"_links":{"self":[{"href":"https:\/\/www.minicity.it\/blog\/wp-json\/wp\/v2\/posts\/409","targetHints":{"allow":["GET"]}}],"collection":[{"href":"https:\/\/www.minicity.it\/blog\/wp-json\/wp\/v2\/posts"}],"about":[{"href":"https:\/\/www.minicity.it\/blog\/wp-json\/wp\/v2\/types\/post"}],"author":[{"embeddable":true,"href":"https:\/\/www.minicity.it\/blog\/wp-json\/wp\/v2\/users\/1"}],"replies":[{"embeddable":true,"href":"https:\/\/www.minicity.it\/blog\/wp-json\/wp\/v2\/comments?post=409"}],"version-history":[{"count":0,"href":"https:\/\/www.minicity.it\/blog\/wp-json\/wp\/v2\/posts\/409\/revisions"}],"wp:attachment":[{"href":"https:\/\/www.minicity.it\/blog\/wp-json\/wp\/v2\/media?parent=409"}],"wp:term":[{"taxonomy":"category","embeddable":true,"href":"https:\/\/www.minicity.it\/blog\/wp-json\/wp\/v2\/categories?post=409"},{"taxonomy":"post_tag","embeddable":true,"href":"https:\/\/www.minicity.it\/blog\/wp-json\/wp\/v2\/tags?post=409"}],"curies":[{"name":"wp","href":"https:\/\/api.w.org\/{rel}","templated":true}]}}