{"id":4115,"date":"2012-09-14T15:24:11","date_gmt":"2012-09-14T15:24:11","guid":{"rendered":"https:\/\/www.minicity.it\/blog\/?p=4115"},"modified":"2012-09-14T15:24:17","modified_gmt":"2012-09-14T15:24:17","slug":"cesenatico-festeggia-i-nonni-di-tutta-italia","status":"publish","type":"post","link":"https:\/\/www.minicity.it\/blog\/2012\/09\/cesenatico-festeggia-i-nonni-di-tutta-italia\/","title":{"rendered":"Cesenatico festeggia i nonni di tutta Italia"},"content":{"rendered":"<p><strong><a href=\"https:\/\/www.minicity.it\/blog\/wp-content\/uploads\/2012\/09\/festadeinonnicesenatico.jpg\"><img loading=\"lazy\" decoding=\"async\" class=\"alignleft size-full wp-image-4117\" title=\"festadeinonnicesenatico\" src=\"https:\/\/www.minicity.it\/blog\/wp-content\/uploads\/2012\/09\/festadeinonnicesenatico.jpg\" alt=\"\" width=\"200\" height=\"121\" \/><\/a>Il 29 settembre prossimo Cesenatico<\/strong> festeggia i nonni, non solo quelli della citt\u00e0, ma quelli di tutto il Bel Paese. Nella cittadina romagnola si ritrovano, infatti, gli scolari che, da tutta Italia, sono stati scelti per aver scritto le poesie pi\u00f9 belle dedicate ai loro nonni e alle loro nonne.<\/p>\n<p><strong>La \u201cFesta dei nonni\u201d<\/strong> \u00e8 un evento che, da<!--more--> sei anni, \u00e8 anche una legge, voluta anche grazie alle pressioni dell&#8217;Unione europea. Lo scopo \u00e8 quello di sensibilizzare l&#8217;opinione pubblica su un tema molto importante come la vecchiaia, il modo di concepirla, di guardarla e di viverla. La \u201cFesta dei nonni\u201d \u00e8 nata per la prima volta in America negli anni Settanta dove, ancora oggi, viene celebrata la prima domenica di settembre. Si festeggia inoltre in Gran Bretagna, Canada e Francia.<\/p>\n<p>La \u201cFesta dei nonni\u201d di Cesenatico \u00e8 un evento organizzato grazie al comitato nazionale \u201cFesta dei nonni\u201d, al mensile per le scuole \u201cOkay\u201d e all&#8217;Ufficio Olandese dei Fiori. Gli alunni delle scuole italiane sono stati invitati a raccontare il loro nonni con poesie e disegni. Una giuria ha selezionato le migliori dieci: i bambini che hanno vinto sono invitati a Cesenatico per un fine settimana dove, appunto, si terr\u00e0 l&#8217;evento conclusivo, previsto per il 29 settembre alle ore 21:00 al Teatro Comunale in via Mazzini. Durante la serata, inoltre, \u00e8 prevista l&#8217;assegnazione di un super premio: un viaggio in Olanda, messo a disposizione dall&#8217;Ufficio Olandese dei Fiori. Inoltre, i ragazzi verranno accompagnati per una visita del Museo della Marineria e del centro storico di Cesenatico.<\/p>\n","protected":false},"excerpt":{"rendered":"<p>Il 29 settembre prossimo Cesenatico festeggia i nonni, non solo quelli della citt&agrave;, ma quelli di tutto il Bel Paese. Nella cittadina romagnola si ritrovano, infatti, gli scolari che, da tutta Italia, sono stati scelti per aver scritto le poesie pi&ugrave; belle dedicate ai loro nonni e alle loro nonne. La &ldquo;Festa dei nonni&rdquo; &egrave; &#8230;<a class=\"post-readmore\" href=\"https:\/\/www.minicity.it\/blog\/2012\/09\/cesenatico-festeggia-i-nonni-di-tutta-italia\/\">read more<\/a><\/p>\n","protected":false},"author":5,"featured_media":0,"comment_status":"open","ping_status":"open","sticky":false,"template":"","format":"standard","meta":{"footnotes":""},"categories":[3],"tags":[38,64],"class_list":["post-4115","post","type-post","status-publish","format-standard","hentry","category-turismo","tag-cesenatico","tag-sagre-e-feste"],"aioseo_notices":[],"_links":{"self":[{"href":"https:\/\/www.minicity.it\/blog\/wp-json\/wp\/v2\/posts\/4115","targetHints":{"allow":["GET"]}}],"collection":[{"href":"https:\/\/www.minicity.it\/blog\/wp-json\/wp\/v2\/posts"}],"about":[{"href":"https:\/\/www.minicity.it\/blog\/wp-json\/wp\/v2\/types\/post"}],"author":[{"embeddable":true,"href":"https:\/\/www.minicity.it\/blog\/wp-json\/wp\/v2\/users\/5"}],"replies":[{"embeddable":true,"href":"https:\/\/www.minicity.it\/blog\/wp-json\/wp\/v2\/comments?post=4115"}],"version-history":[{"count":0,"href":"https:\/\/www.minicity.it\/blog\/wp-json\/wp\/v2\/posts\/4115\/revisions"}],"wp:attachment":[{"href":"https:\/\/www.minicity.it\/blog\/wp-json\/wp\/v2\/media?parent=4115"}],"wp:term":[{"taxonomy":"category","embeddable":true,"href":"https:\/\/www.minicity.it\/blog\/wp-json\/wp\/v2\/categories?post=4115"},{"taxonomy":"post_tag","embeddable":true,"href":"https:\/\/www.minicity.it\/blog\/wp-json\/wp\/v2\/tags?post=4115"}],"curies":[{"name":"wp","href":"https:\/\/api.w.org\/{rel}","templated":true}]}}