{"id":4121,"date":"2012-09-18T10:22:51","date_gmt":"2012-09-18T10:22:51","guid":{"rendered":"https:\/\/www.minicity.it\/blog\/?p=4121"},"modified":"2012-09-18T10:22:51","modified_gmt":"2012-09-18T10:22:51","slug":"bellaria-igea-marina-edutour-nelluso","status":"publish","type":"post","link":"https:\/\/www.minicity.it\/blog\/2012\/09\/bellaria-igea-marina-edutour-nelluso\/","title":{"rendered":"Bellaria Igea Marina: Edutour nell&#8217;Uso"},"content":{"rendered":"<p><strong><img loading=\"lazy\" decoding=\"async\" class=\"alignleft size-full wp-image-4122\" title=\"EdutournellUsobellaria\" src=\"https:\/\/www.minicity.it\/blog\/wp-content\/uploads\/2012\/09\/EdutournellUsobellaria.jpg\" alt=\"\" width=\"200\" height=\"142\" \/>Domenica 23 settembre a Bellaria Igea Marina<\/strong> riparte il progetto \u201c<strong>Edutour<\/strong>\u201d con una gita alla scoperta dell&#8217;Uso. \u201cEdutour \u2013 Itinerari da amare\u201d \u00e8 un progetto del Comune di Bellaria Igea Marina volto a valorizzare i beni culturali e paesaggistici del territorio in un&#8217;ottica ecosostenibile.<\/p>\n<p>Si tratta di un progetto<!--more--> rivolto non solo agli adulti, ma anche alle famiglie, per educare al rispetto dell&#8217;ambiente, alla natura e alla mobilit\u00e0 green. Nei percorsi di \u201cEdutour \u2013 Itinerari da amare\u201d sono previste tappe in alcuni monumenti, luoghi o edifici che hanno fatto la storia del territorio di Bellaria Igea Marina e della Romagna, legandoli a personaggi della cultura locale e nazionale.<\/p>\n<p><strong>La pedalata alla scoperta<\/strong> dell&#8217;Uso sar\u00e0 coordinata da Daniele Zavalloni, dell&#8217;Ecoistituto di Cesena. Durante la giornata verr\u00e0 illustrata la fauna e la flora della zona e si passer\u00e0 una giornata insieme, immersi nel verde. Tra i punti di interesse storico culturale ricordiamo il Castello Benelli, Donegallia, Castello dell\u2019Uso e Villa Torlonia, tutte zone che verranno legate a racconti o letture di intellettuali cari alla Romagna come Giovanni Pascoli e Alfredo Panzini. Durante la giornata, oltre al pic-nic, sono previste anche letture teatrali e musica.<\/p>\n<p><strong>\u201cEdutour\u201d<\/strong> parte alle ore 11:00 di domenica 23 settembre. Chi vuole partecipare deve ritrovarsi in via Fornace, nel parcheggio all&#8217;inizio della pista ciclabile. I partecipanti devono pensare al loro pranzo per la giornata. Per partecipare \u00e8 necessario iscriversi perch\u00e9 non sono previste pi\u00f9 di 20 persone.<\/p>\n<p><strong>Per maggiori informazioni<\/strong> contattare il Servizio Attivit\u00e0 e Beni Culturali del Comune di Bellaria Igea Marina al <strong>numero 0541.343 746\/747<\/strong>.<\/p>\n","protected":false},"excerpt":{"rendered":"<p>Domenica 23 settembre a Bellaria Igea Marina riparte il progetto &ldquo;Edutour&rdquo; con una gita alla scoperta dell&rsquo;Uso. &ldquo;Edutour &ndash; Itinerari da amare&rdquo; &egrave; un progetto del Comune di Bellaria Igea Marina volto a valorizzare i beni culturali e paesaggistici del territorio in un&rsquo;ottica ecosostenibile. Si tratta di un progetto<\/p>\n","protected":false},"author":5,"featured_media":0,"comment_status":"open","ping_status":"open","sticky":false,"template":"","format":"standard","meta":{"footnotes":""},"categories":[3],"tags":[31,33,57],"class_list":["post-4121","post","type-post","status-publish","format-standard","hentry","category-turismo","tag-bellaria-igea-marina","tag-eventi-riviera","tag-turismo-ecologico"],"aioseo_notices":[],"_links":{"self":[{"href":"https:\/\/www.minicity.it\/blog\/wp-json\/wp\/v2\/posts\/4121","targetHints":{"allow":["GET"]}}],"collection":[{"href":"https:\/\/www.minicity.it\/blog\/wp-json\/wp\/v2\/posts"}],"about":[{"href":"https:\/\/www.minicity.it\/blog\/wp-json\/wp\/v2\/types\/post"}],"author":[{"embeddable":true,"href":"https:\/\/www.minicity.it\/blog\/wp-json\/wp\/v2\/users\/5"}],"replies":[{"embeddable":true,"href":"https:\/\/www.minicity.it\/blog\/wp-json\/wp\/v2\/comments?post=4121"}],"version-history":[{"count":0,"href":"https:\/\/www.minicity.it\/blog\/wp-json\/wp\/v2\/posts\/4121\/revisions"}],"wp:attachment":[{"href":"https:\/\/www.minicity.it\/blog\/wp-json\/wp\/v2\/media?parent=4121"}],"wp:term":[{"taxonomy":"category","embeddable":true,"href":"https:\/\/www.minicity.it\/blog\/wp-json\/wp\/v2\/categories?post=4121"},{"taxonomy":"post_tag","embeddable":true,"href":"https:\/\/www.minicity.it\/blog\/wp-json\/wp\/v2\/tags?post=4121"}],"curies":[{"name":"wp","href":"https:\/\/api.w.org\/{rel}","templated":true}]}}