{"id":4144,"date":"2012-09-21T14:57:35","date_gmt":"2012-09-21T14:57:35","guid":{"rendered":"https:\/\/www.minicity.it\/blog\/?p=4144"},"modified":"2012-09-21T14:57:35","modified_gmt":"2012-09-21T14:57:35","slug":"riccione-stream-chi-racconta-la-perla-verde","status":"publish","type":"post","link":"https:\/\/www.minicity.it\/blog\/2012\/09\/riccione-stream-chi-racconta-la-perla-verde\/","title":{"rendered":"Riccione Stream: chi racconta la Perla Verde?"},"content":{"rendered":"<p><strong><a href=\"https:\/\/www.minicity.it\/blog\/wp-content\/uploads\/2012\/09\/riccionestream2012estate.jpg\"><img loading=\"lazy\" decoding=\"async\" class=\"alignleft size-full wp-image-4146\" title=\"riccionestream2012estate\" src=\"https:\/\/www.minicity.it\/blog\/wp-content\/uploads\/2012\/09\/riccionestream2012estate.jpg\" alt=\"\" width=\"200\" height=\"133\" \/><\/a>Il prossimo 5 ottobre<\/strong> si sapr\u00e0 chi sono i vincitori di <strong>&#8220;Riccione Stream Estate 2012\u201d<\/strong>, il concorso dedicato ai <strong>video maker<\/strong> che si sono occupati di interpretare lo spirito della Perla Verde e la vita in citt\u00e0: tendenze, moda, turismo, divertimento, arte e cultura&#8230; insomma tutto quello che pu\u00f2 raccontare la citt\u00e0 o uno dei suoi aspetti.<!--more--><\/p>\n<p>Le iscrizioni al concorso si sono chiuse lo scorso 8 settembre e ora \u00e8 tempo di voti. I video ammessi al contest sono 50 e sono stati caricati nella pagina Facebook dell&#8217;evento \u201cRiccionestream\u201d e sul sito ufficiale della manifestazione (<strong>www.riccionestream.it<\/strong>). I video di &#8220;Riccione Stream Estate 2012\u201d sono divisi in due categorie, a seconda della lunghezza: &#8220;Istant video&#8221; (30-60 sec.) e &#8220;Short video&#8221; (60-180 sec.).<\/p>\n<p><strong>Il voto funziona<\/strong> a colpi di \u201cmi piace\u201d dati dagli utenti web che si connettono alle due piattaforme. Il voto finale sar\u00e0 dato da queste preferenze, pi\u00f9 quelle della giuria ufficiale, che \u00e8 composta da personaggi del calibro di Lia Celi, Stefano Mirti, Pier Pierucci, Guglielmo Scilla, Francesca Fornario, Linus e Zuth Venanzoni. Ciascuno di loro dar\u00e0 un voto da 1 a 5 ad ogni video ammesso in finale.<\/p>\n<p>&#8220;Riccione Stream Estate 2012\u201d \u00e8 una manifestazione che \u00e8 stata promossa come parte delle celebrazioni del 90\u00b0 anniversario dell&#8217;Autonomia comunale della citt\u00e0 di Riccione ed \u00e8 sostenuta dal Comune della Perla Verde e dal Comitato \u201cRiccione 90\u201d. Nel 1922, infatti, la citt\u00e0 si \u00e8 staccata da Rimini diventando un comune autonomo e durante tutto il 2012 sono stati promossi eventi e manifestazioni a ricordo di questo anniversario.<\/p>\n","protected":false},"excerpt":{"rendered":"<p>Il prossimo 5 ottobre si sapr&agrave; chi sono i vincitori di &ldquo;Riccione Stream Estate 2012&rdquo;, il concorso dedicato ai video maker che si sono occupati di interpretare lo spirito della Perla Verde e la vita in citt&agrave;: tendenze, moda, turismo, divertimento, arte e cultura&hellip; insomma tutto quello che pu&ograve; raccontare la citt&agrave; o uno dei &#8230;<a class=\"post-readmore\" href=\"https:\/\/www.minicity.it\/blog\/2012\/09\/riccione-stream-chi-racconta-la-perla-verde\/\">read more<\/a><\/p>\n","protected":false},"author":5,"featured_media":0,"comment_status":"open","ping_status":"open","sticky":false,"template":"","format":"standard","meta":{"footnotes":""},"categories":[3],"tags":[33,34],"class_list":["post-4144","post","type-post","status-publish","format-standard","hentry","category-turismo","tag-eventi-riviera","tag-riccione"],"aioseo_notices":[],"_links":{"self":[{"href":"https:\/\/www.minicity.it\/blog\/wp-json\/wp\/v2\/posts\/4144","targetHints":{"allow":["GET"]}}],"collection":[{"href":"https:\/\/www.minicity.it\/blog\/wp-json\/wp\/v2\/posts"}],"about":[{"href":"https:\/\/www.minicity.it\/blog\/wp-json\/wp\/v2\/types\/post"}],"author":[{"embeddable":true,"href":"https:\/\/www.minicity.it\/blog\/wp-json\/wp\/v2\/users\/5"}],"replies":[{"embeddable":true,"href":"https:\/\/www.minicity.it\/blog\/wp-json\/wp\/v2\/comments?post=4144"}],"version-history":[{"count":0,"href":"https:\/\/www.minicity.it\/blog\/wp-json\/wp\/v2\/posts\/4144\/revisions"}],"wp:attachment":[{"href":"https:\/\/www.minicity.it\/blog\/wp-json\/wp\/v2\/media?parent=4144"}],"wp:term":[{"taxonomy":"category","embeddable":true,"href":"https:\/\/www.minicity.it\/blog\/wp-json\/wp\/v2\/categories?post=4144"},{"taxonomy":"post_tag","embeddable":true,"href":"https:\/\/www.minicity.it\/blog\/wp-json\/wp\/v2\/tags?post=4144"}],"curies":[{"name":"wp","href":"https:\/\/api.w.org\/{rel}","templated":true}]}}