{"id":4181,"date":"2012-10-02T12:26:43","date_gmt":"2012-10-02T12:26:43","guid":{"rendered":"https:\/\/www.minicity.it\/blog\/?p=4181"},"modified":"2012-10-02T12:26:43","modified_gmt":"2012-10-02T12:26:43","slug":"a-riccione-il-festival-dello-scoutismo","status":"publish","type":"post","link":"https:\/\/www.minicity.it\/blog\/2012\/10\/a-riccione-il-festival-dello-scoutismo\/","title":{"rendered":"A Riccione il Festival dello Scoutismo"},"content":{"rendered":"<p><img loading=\"lazy\" decoding=\"async\" class=\"aligncenter size-full wp-image-4182\" title=\"festivalscoutismoriccione\" src=\"https:\/\/www.minicity.it\/blog\/wp-content\/uploads\/2012\/10\/festivalscoutismoriccione.jpg\" alt=\"\" width=\"580\" height=\"302\" \/><br \/>\nDa <strong>venerd\u00ec 5 ottobre<\/strong> a <strong>domenica 7 a Riccione<\/strong> si terr\u00e0 il <strong>\u201cFestival dello scoutismo\u201d<\/strong>. Si tratta di un grande evento che richiamer\u00e0 giovani e meno giovani da tutta Italia. Il <strong>\u201cFestival dello scoutismo\u201d<\/strong> si terr\u00e0 nella bellissima cornice di <strong>Villa Lodi F\u00e9<\/strong>: verranno organizzati incontri, dibattiti, mostre, concerti, spettacoli e momenti di preghiera comuni. il Festival, quest&#8217;anno, intende festeggiare il venticinquesimo compleanno della sezione Scout-Agesci della Perla Verde.<\/p>\n<p>Il \u201cFestival dello scoutismo\u201d, che quest\u2019anno ha come titolo \u201cCi sta a cuore\u201d, parte dal venerd\u00ec con la visione di cortometraggi a cura del Reparto Orione; durante la giornata verr\u00e0 anche distribuito il giornalino e venduti prodotti artigianali fatti a mano dagli Scoiattoli.<\/p>\n<p><strong>Durante la giornata<\/strong> ci saranno spettacoli di burattini a cura dei Pipistrelli e un workshop sul come montare un tavolo da campo a cura delle Pantere.<\/p>\n<p><strong>Tra i dibattitti ricordiamo<\/strong> \u201cEssere Ricchi per Davvero\u201d, momento di grande interesse al quale parteciper\u00e0 don Ciotti, sacerdote fondatore dell\u2019Associazione Libera, che da diversi anni si occupa di lottare contro le mafie, per una cultura della legalit\u00e0. Sar\u00e0 presente al dibattito anche il professor Andrea Segr\u00e8, Preside Facolt\u00e0 di Agraria dell\u2019Universit\u00e0 di Bologna. Tra gli spettacoli, invece, ricordiamo \u201cI calzoni corti attirano le zanzare\u201d, a cura del gruppo scout Agesci di Riccione. Sabato sera, inoltre, ci sar\u00e0 una Santa Messa celebrata dal Vescovo di Rimini, Mons. Francesco Lambiasi.<\/p>\n","protected":false},"excerpt":{"rendered":"<p>Da venerd&igrave; 5 ottobre a domenica 7 a Riccione si terr&agrave; il &ldquo;Festival dello scoutismo&rdquo;. Si tratta di un grande evento che richiamer&agrave; giovani e meno giovani da tutta Italia. Il &ldquo;Festival dello scoutismo&rdquo; si terr&agrave; nella bellissima cornice di Villa Lodi F&eacute;: verranno organizzati incontri, dibattiti, mostre, concerti, spettacoli e momenti di preghiera comuni. &#8230;<a class=\"post-readmore\" href=\"https:\/\/www.minicity.it\/blog\/2012\/10\/a-riccione-il-festival-dello-scoutismo\/\">read more<\/a><\/p>\n","protected":false},"author":5,"featured_media":0,"comment_status":"open","ping_status":"open","sticky":false,"template":"","format":"standard","meta":{"footnotes":""},"categories":[3],"tags":[33,55,34],"class_list":["post-4181","post","type-post","status-publish","format-standard","hentry","category-turismo","tag-eventi-riviera","tag-notizie-cultura","tag-riccione"],"aioseo_notices":[],"_links":{"self":[{"href":"https:\/\/www.minicity.it\/blog\/wp-json\/wp\/v2\/posts\/4181","targetHints":{"allow":["GET"]}}],"collection":[{"href":"https:\/\/www.minicity.it\/blog\/wp-json\/wp\/v2\/posts"}],"about":[{"href":"https:\/\/www.minicity.it\/blog\/wp-json\/wp\/v2\/types\/post"}],"author":[{"embeddable":true,"href":"https:\/\/www.minicity.it\/blog\/wp-json\/wp\/v2\/users\/5"}],"replies":[{"embeddable":true,"href":"https:\/\/www.minicity.it\/blog\/wp-json\/wp\/v2\/comments?post=4181"}],"version-history":[{"count":0,"href":"https:\/\/www.minicity.it\/blog\/wp-json\/wp\/v2\/posts\/4181\/revisions"}],"wp:attachment":[{"href":"https:\/\/www.minicity.it\/blog\/wp-json\/wp\/v2\/media?parent=4181"}],"wp:term":[{"taxonomy":"category","embeddable":true,"href":"https:\/\/www.minicity.it\/blog\/wp-json\/wp\/v2\/categories?post=4181"},{"taxonomy":"post_tag","embeddable":true,"href":"https:\/\/www.minicity.it\/blog\/wp-json\/wp\/v2\/tags?post=4181"}],"curies":[{"name":"wp","href":"https:\/\/api.w.org\/{rel}","templated":true}]}}