{"id":4187,"date":"2012-10-17T14:53:43","date_gmt":"2012-10-17T14:53:43","guid":{"rendered":"https:\/\/www.minicity.it\/blog\/?p=4187"},"modified":"2012-10-17T14:53:49","modified_gmt":"2012-10-17T14:53:49","slug":"roberto-vecchioni-e-cervia-la-citta-conferisce-la-cittadinanza-onoraria-al-cantante","status":"publish","type":"post","link":"https:\/\/www.minicity.it\/blog\/2012\/10\/roberto-vecchioni-e-cervia-la-citta-conferisce-la-cittadinanza-onoraria-al-cantante\/","title":{"rendered":"Roberto Vecchioni e Cervia: la citt\u00e0 conferisce la cittadinanza onoraria al cantante"},"content":{"rendered":"<p><strong><a href=\"https:\/\/www.minicity.it\/blog\/wp-content\/uploads\/2012\/10\/robertovecchionicervia.jpg\"><img loading=\"lazy\" decoding=\"async\" class=\"aligncenter size-full wp-image-4189\" title=\"robertovecchionicervia\" src=\"https:\/\/www.minicity.it\/blog\/wp-content\/uploads\/2012\/10\/robertovecchionicervia.jpg\" alt=\"\" width=\"580\" height=\"345\" \/><\/a><br \/>\nSabato 20 ottobre<\/strong> prossimo <strong>Roberto Vecchioni<\/strong> diventer\u00e0 cittadino di <strong>Cervia<\/strong>. L&#8217;iniziativa parte da una proposta del sindaco della citt\u00e0 romagnola, <strong>Roberto Zoffoli<\/strong>, ed \u00e8 stata accolta all&#8217;unanimit\u00e0 dalla giunta comunale.<\/p>\n<p>La cerimonia si terr\u00e0 il prossimo sabato<strong> al Teatro Comunale alle ore 10:30<\/strong>. Per l&#8217;occasione saranno presenti le autorit\u00e0 cittadine, la cittadinanza, il giornalisti Ernesto Capasso (autore del volume \u201cRoberto Vecchioni. Miti e parole di un lanciatore di coltelli, Arcana Edizioni, 2011\u201d) e Marino Bartoletti, amico di antica data del cantautore milanese. Seguir\u00e0 una parte musicale: una prima, a cura dell&#8217;Orchestra giovanile Citt\u00e0 di Cervia, e una seconda, a cura dello stesso Roberto Vecchioni. Il cantante eseguir\u00e0 brani dal suo repertorio e pezzi dedicati alla cultura italiana, accompagnato al suo storico chitarrista, Massimo Germini. Il pomeriggio del venerd\u00ec, inoltre, Roberto Vecchioni incontrer\u00e0 gli studenti di Ceriva al Magazzino del Sale, per discutere di poesia e cultura.<\/p>\n<p>La scelta di conferire questo riconoscimento al cantante milanese nell&#8217;anno, quasi al termine, del Centenario di Milano Marittima, vuole essere un segno per consacrare ulteriormente la partnership tra il comune di Cervia e la capitale Lombarda. E anche un modo per ringraziare Roberto Vecchioni per lo spettacolo, magnifico ed emozionate, che ha regalato alla citt\u00e0 durante il suo concerto del luglio scorso. In pi\u00f9 il professor Vecchioni faceva parte di quei milanesi che sceglievano Milano Marittima per le loro vacanze e che amano la citt\u00e0 e i suoi ricordi. La cerimonia di sabato mattina \u00e8 aperta al pubblico: chiunque pu\u00f2, salvi i posti, partecipare.<\/p>\n<p>Ricordiamo che Roberto Vecchioni \u00e8 il quarto personaggio ad aver ottenuto la cittadinanza onoraria di Cervia, dopo Grazia Deledda, Giuseppe Ungaretti e Mario Luzi.<\/p>\n","protected":false},"excerpt":{"rendered":"<p>Sabato 20 ottobre prossimo Roberto Vecchioni diventer&agrave; cittadino di Cervia. L&rsquo;iniziativa parte da una proposta del sindaco della citt&agrave; romagnola, Roberto Zoffoli, ed &egrave; stata accolta all&rsquo;unanimit&agrave; dalla giunta comunale. La cerimonia si terr&agrave; il prossimo sabato al Teatro Comunale alle ore 10:30. Per l&rsquo;occasione saranno presenti le autorit&agrave; cittadine, la cittadinanza, il giornalisti Ernesto &#8230;<a class=\"post-readmore\" href=\"https:\/\/www.minicity.it\/blog\/2012\/10\/roberto-vecchioni-e-cervia-la-citta-conferisce-la-cittadinanza-onoraria-al-cantante\/\">read more<\/a><\/p>\n","protected":false},"author":5,"featured_media":0,"comment_status":"open","ping_status":"open","sticky":false,"template":"","format":"standard","meta":{"footnotes":""},"categories":[3],"tags":[20,33],"class_list":["post-4187","post","type-post","status-publish","format-standard","hentry","category-turismo","tag-cervia","tag-eventi-riviera"],"aioseo_notices":[],"_links":{"self":[{"href":"https:\/\/www.minicity.it\/blog\/wp-json\/wp\/v2\/posts\/4187","targetHints":{"allow":["GET"]}}],"collection":[{"href":"https:\/\/www.minicity.it\/blog\/wp-json\/wp\/v2\/posts"}],"about":[{"href":"https:\/\/www.minicity.it\/blog\/wp-json\/wp\/v2\/types\/post"}],"author":[{"embeddable":true,"href":"https:\/\/www.minicity.it\/blog\/wp-json\/wp\/v2\/users\/5"}],"replies":[{"embeddable":true,"href":"https:\/\/www.minicity.it\/blog\/wp-json\/wp\/v2\/comments?post=4187"}],"version-history":[{"count":0,"href":"https:\/\/www.minicity.it\/blog\/wp-json\/wp\/v2\/posts\/4187\/revisions"}],"wp:attachment":[{"href":"https:\/\/www.minicity.it\/blog\/wp-json\/wp\/v2\/media?parent=4187"}],"wp:term":[{"taxonomy":"category","embeddable":true,"href":"https:\/\/www.minicity.it\/blog\/wp-json\/wp\/v2\/categories?post=4187"},{"taxonomy":"post_tag","embeddable":true,"href":"https:\/\/www.minicity.it\/blog\/wp-json\/wp\/v2\/tags?post=4187"}],"curies":[{"name":"wp","href":"https:\/\/api.w.org\/{rel}","templated":true}]}}