{"id":4193,"date":"2012-10-18T08:19:42","date_gmt":"2012-10-18T08:19:42","guid":{"rendered":"https:\/\/www.minicity.it\/blog\/?p=4193"},"modified":"2012-10-18T08:19:42","modified_gmt":"2012-10-18T08:19:42","slug":"cesenatico-una-mostra-dedicata-alle-balene","status":"publish","type":"post","link":"https:\/\/www.minicity.it\/blog\/2012\/10\/cesenatico-una-mostra-dedicata-alle-balene\/","title":{"rendered":"Cesenatico: una mostra dedicata alle balene"},"content":{"rendered":"<p><strong><a href=\"https:\/\/www.minicity.it\/blog\/wp-content\/uploads\/2012\/10\/mostrabalenecesenatico.jpg\"><img loading=\"lazy\" decoding=\"async\" class=\"aligncenter size-full wp-image-4194\" title=\"mostrabalenecesenatico\" src=\"https:\/\/www.minicity.it\/blog\/wp-content\/uploads\/2012\/10\/mostrabalenecesenatico.jpg\" alt=\"\" width=\"580\" height=\"324\" \/><\/a><br \/>\nSabato 20 ottobre a Cesenatico<\/strong> verr\u00e0 inaugurata una <strong>mostra dedicata<\/strong> ad un&#8217;attivit\u00e0 che ha riempito le pagine della letteratura di tante epoche e di tanti paesi. Si tratta della <strong>caccia alla balena<\/strong>, attivit\u00e0 che verr\u00e0 rivista in una esposizione dal titolo <strong>\u201cChiamatemi Ismaele. Sette secoli di caccia alla balena\u201d<\/strong>. La mostra, che verr\u00e0 allestita al <strong>Museo della Marineria di Cesenatico<\/strong>, riprende in un percorso didattico adatto a tutti, le stampe, le foto e i dipinti d&#8217;epoca che ricordano questa attivit\u00e0. Il titolo \u00e8 un&#8217;omaggio al pi\u00f9 celebre romanzo sulle balene, il Moby Dick di Hermann Melville, che inizia proprio con queste parole.<\/p>\n<p>La maggior parte delle immagini che troverete in \u201cChiamatemi Ismaele&#8221;. Sette secoli di caccia alla balena\u201d, arrivano dall\u2019archivio del giornalista Giancarlo Costa che, per l&#8217;occasione, ha lavorato con l\u2019Acquario Civico di Milano. Si va dalle prime stampe che raffigurano questo mestiere, fino alle illustrazioni pi\u00f9 moderne. Grazie a queste immagini non si vuole celebrare la caccia alla balena (oggi condannata in molti paesi del mondo) ma ripercorrere le storie dei balenieri, che sono stati grandi esploratori: si tratta infatti di uomini che restavano in mare anche 4-5 anni, inseguendo questo animale misterioso e selvaggio.<\/p>\n<p>\u201cChiamatemi Ismaele&#8221;. Sette secoli di caccia alla balena\u201d rester\u00e0 aperta fino al prossimo 18 novembre. La mostra si pu\u00f2 visitare durante gli orari di apertura del museo della Marineria di Cesenatico: il <strong>sabato e la domenica e i giorni festivi dalle 10 alle 12 e dalle 15 alle 19<\/strong>. Per maggiori informazioni visitare il sito del museo all&#8217;indirizzo www.museomarineria.eu.<\/p>\n","protected":false},"excerpt":{"rendered":"<p>Sabato 20 ottobre a Cesenatico verr&agrave; inaugurata una mostra dedicata ad un&rsquo;attivit&agrave; che ha riempito le pagine della letteratura di tante epoche e di tanti paesi. Si tratta della caccia alla balena, attivit&agrave; che verr&agrave; rivista in una esposizione dal titolo &ldquo;Chiamatemi Ismaele. Sette secoli di caccia alla balena&rdquo;. La mostra, che verr&agrave; allestita al &#8230;<a class=\"post-readmore\" href=\"https:\/\/www.minicity.it\/blog\/2012\/10\/cesenatico-una-mostra-dedicata-alle-balene\/\">read more<\/a><\/p>\n","protected":false},"author":5,"featured_media":0,"comment_status":"open","ping_status":"open","sticky":false,"template":"","format":"standard","meta":{"footnotes":""},"categories":[3],"tags":[38,33,63],"class_list":["post-4193","post","type-post","status-publish","format-standard","hentry","category-turismo","tag-cesenatico","tag-eventi-riviera","tag-mostre-cesenatico"],"aioseo_notices":[],"_links":{"self":[{"href":"https:\/\/www.minicity.it\/blog\/wp-json\/wp\/v2\/posts\/4193","targetHints":{"allow":["GET"]}}],"collection":[{"href":"https:\/\/www.minicity.it\/blog\/wp-json\/wp\/v2\/posts"}],"about":[{"href":"https:\/\/www.minicity.it\/blog\/wp-json\/wp\/v2\/types\/post"}],"author":[{"embeddable":true,"href":"https:\/\/www.minicity.it\/blog\/wp-json\/wp\/v2\/users\/5"}],"replies":[{"embeddable":true,"href":"https:\/\/www.minicity.it\/blog\/wp-json\/wp\/v2\/comments?post=4193"}],"version-history":[{"count":0,"href":"https:\/\/www.minicity.it\/blog\/wp-json\/wp\/v2\/posts\/4193\/revisions"}],"wp:attachment":[{"href":"https:\/\/www.minicity.it\/blog\/wp-json\/wp\/v2\/media?parent=4193"}],"wp:term":[{"taxonomy":"category","embeddable":true,"href":"https:\/\/www.minicity.it\/blog\/wp-json\/wp\/v2\/categories?post=4193"},{"taxonomy":"post_tag","embeddable":true,"href":"https:\/\/www.minicity.it\/blog\/wp-json\/wp\/v2\/tags?post=4193"}],"curies":[{"name":"wp","href":"https:\/\/api.w.org\/{rel}","templated":true}]}}