{"id":4213,"date":"2012-10-24T15:24:00","date_gmt":"2012-10-24T15:24:00","guid":{"rendered":"https:\/\/www.minicity.it\/blog\/?p=4213"},"modified":"2012-10-24T15:24:06","modified_gmt":"2012-10-24T15:24:06","slug":"granfondo-di-cervia-al-via-la-preparazione-per-il-2013","status":"publish","type":"post","link":"https:\/\/www.minicity.it\/blog\/2012\/10\/granfondo-di-cervia-al-via-la-preparazione-per-il-2013\/","title":{"rendered":"Granfondo di Cervia: al via la preparazione per il 2013"},"content":{"rendered":"<p><a href=\"https:\/\/www.minicity.it\/blog\/wp-content\/uploads\/2012\/10\/grandfondocervia2013.jpg\"><img loading=\"lazy\" decoding=\"async\" class=\"aligncenter size-full wp-image-4214\" title=\"grandfondocervia2013\" src=\"https:\/\/www.minicity.it\/blog\/wp-content\/uploads\/2012\/10\/grandfondocervia2013.jpg\" alt=\"\" width=\"580\" height=\"387\" \/><\/a><br \/>\nSono state decise le date per la Granfondo di Cervia <strong>&#8220;Selle Italia Via del Sale&#8221;<\/strong>: la gara si <strong>terr\u00e0 il 7 aprile 2013<\/strong>. Per questa, che sar\u00e0 la diciassettesima edizione, sono previsti 3500 partecipanti e i primi mille posti sono gi\u00e0 stati assegnati.<\/p>\n<p><strong>Per la prossima edizione sono previsti diversi percorsi, a seconda delle difficolt\u00e0<\/strong>: il pi\u00f9 lungo sar\u00e0 da 150 km, quello medio da 107 Km e il pi\u00f9 facile di \u201csoli\u201d 77 Km. In pi\u00f9 \u00e8 prevista una pedalata ciclo gastronomica di 40 km per coloro che, pur non partecipando alla Granfondo, vorranno intrattenersi. Come ogni anno la gara sar\u00e0 valida come 8\u00b0 Trofeo SAP-4\u00b0 Trofeo CESP, con all&#8217;interno una classifica a parte per coloro che fanno parte delle Forze dell&#8217;Ordine e delle Forze Armate. Chi vorr\u00e0, inoltre, potr\u00e0 partecipare con i vestiti (e i mezzi) d&#8217;epoca: motivo per cui lo spettacolo \u00e8 assicurato.<\/p>\n<p><strong>Per l&#8217;edizione del 2013 della Granfondo di Cervia<\/strong> &#8220;Selle Italia Via del Sale&#8221; \u00e8 anche stata riservata una sezione particolare al pubblico femminile, che avr\u00e0 il suo punto di partenza, i suoi gadget e il suo pubblico. Le aree di ristoro e lo Sportur Bicycle saranno allestite, come ogni anno, al Fantini Club di Cervia, sul Lungomare Delledda.<\/p>\n<p>Il prossimo turno di iscrizione per la Granfondo di Cervia &#8220;Selle Italia Via del Sale&#8221; sar\u00e0 il prossimo 15 novembre: i posti vanno a ruba, per cui gli interessati devono essere puntuali nel presentare la domanda, visto che la gara \u00e8 a numero chiuso. Oltre i 3500 posti, infatti, non si andr\u00e0.<\/p>\n","protected":false},"excerpt":{"rendered":"<p>Sono state decise le date per la Granfondo di Cervia &ldquo;Selle Italia Via del Sale&rdquo;: la gara si terr&agrave; il 7 aprile 2013. Per questa, che sar&agrave; la diciassettesima edizione, sono previsti 3500 partecipanti e i primi mille posti sono gi&agrave; stati assegnati. Per la prossima edizione sono previsti diversi percorsi, a seconda delle difficolt&agrave;: &#8230;<a class=\"post-readmore\" href=\"https:\/\/www.minicity.it\/blog\/2012\/10\/granfondo-di-cervia-al-via-la-preparazione-per-il-2013\/\">read more<\/a><\/p>\n","protected":false},"author":5,"featured_media":0,"comment_status":"open","ping_status":"open","sticky":false,"template":"","format":"standard","meta":{"footnotes":""},"categories":[3],"tags":[20,33,49],"class_list":["post-4213","post","type-post","status-publish","format-standard","hentry","category-turismo","tag-cervia","tag-eventi-riviera","tag-sport"],"aioseo_notices":[],"_links":{"self":[{"href":"https:\/\/www.minicity.it\/blog\/wp-json\/wp\/v2\/posts\/4213","targetHints":{"allow":["GET"]}}],"collection":[{"href":"https:\/\/www.minicity.it\/blog\/wp-json\/wp\/v2\/posts"}],"about":[{"href":"https:\/\/www.minicity.it\/blog\/wp-json\/wp\/v2\/types\/post"}],"author":[{"embeddable":true,"href":"https:\/\/www.minicity.it\/blog\/wp-json\/wp\/v2\/users\/5"}],"replies":[{"embeddable":true,"href":"https:\/\/www.minicity.it\/blog\/wp-json\/wp\/v2\/comments?post=4213"}],"version-history":[{"count":0,"href":"https:\/\/www.minicity.it\/blog\/wp-json\/wp\/v2\/posts\/4213\/revisions"}],"wp:attachment":[{"href":"https:\/\/www.minicity.it\/blog\/wp-json\/wp\/v2\/media?parent=4213"}],"wp:term":[{"taxonomy":"category","embeddable":true,"href":"https:\/\/www.minicity.it\/blog\/wp-json\/wp\/v2\/categories?post=4213"},{"taxonomy":"post_tag","embeddable":true,"href":"https:\/\/www.minicity.it\/blog\/wp-json\/wp\/v2\/tags?post=4213"}],"curies":[{"name":"wp","href":"https:\/\/api.w.org\/{rel}","templated":true}]}}