{"id":4224,"date":"2012-10-26T14:48:06","date_gmt":"2012-10-26T14:48:06","guid":{"rendered":"https:\/\/www.minicity.it\/blog\/?p=4224"},"modified":"2012-10-26T14:48:06","modified_gmt":"2012-10-26T14:48:06","slug":"larchitettura-di-milano-marittima-in-mostra","status":"publish","type":"post","link":"https:\/\/www.minicity.it\/blog\/2012\/10\/larchitettura-di-milano-marittima-in-mostra\/","title":{"rendered":"L&#8217;architettura di Milano Marittima in mostra"},"content":{"rendered":"<p><strong><img loading=\"lazy\" decoding=\"async\" class=\"aligncenter size-full wp-image-4205\" title=\"cittagiardinomilanomarittima\" src=\"https:\/\/www.minicity.it\/blog\/wp-content\/uploads\/2012\/10\/cittagiardinomilanomarittima.jpg\" alt=\"\" width=\"580\" height=\"263\" \/><br \/>\nFino al prossimo 11 novembre a Cervia<\/strong> sar\u00e0 visibile una bellissima mostra dedicata alla <a href=\"https:\/\/www.minicity.it\/blog\/2012\/10\/milano-marittima-convegno-citta-giardino\/\" target=\"_blank\">Citt\u00e0 Giardino<\/a>, <strong>\u201cMilano Marittima 100: Le architetture e la citt\u00e0\u201d<\/strong>. La mostra si tiene ai Magazzino del Sale (Torre), in via Nazario Sauro e cerca di mettere in luce l&#8217;<strong>evoluzione di Milano Marittima<\/strong>, con un focus sul turismo e sulla sua architettura, analizzandone evoluzioni, relazioni e cambiamenti. \u201cMilano Marittima 100: Le architetture e la citt\u00e0\u201d vi permetter\u00e0 vi ammirare questa ricostruzione storica e culturale attraverso foto d&#8217;epoca e contemporanee, disegni, documenti e testimonianze che celebrano il passaggio da Citt\u00e0 Giardino a insediamento turistico di fama addirittura mondiale.<\/p>\n<p>La mostra \u201cMilano Marittima 100: Le architetture e la citt\u00e0\u201d fa parte degli eventi che il Comune di Cervia ha organizzato per il Centenario di Milano Marittima, i cui festeggiamenti si sono tenuti per tutto il 2012: concerti, mostre, manifestazioni, eventi culturali e enogastronomici che hanno coinvolto anche la citt\u00e0 di Milano, per celebrare il primo centenario di questa piccola e famosa citt\u00e0.<\/p>\n<p>La mostra \u201cMilano Marittima 100: Le architetture e la citt\u00e0\u201d \u00e8 aperta <strong>tutti i giorni dalle ore 9:30 alle ore 12:30 e dalla 15:00 alle 18:00<\/strong>. L&#8217;<strong>ingresso<\/strong> a \u201cMilano Marittima 100: Le architetture e la citt\u00e0\u201d \u00e8 <strong>gratuito<\/strong>. La mostra \u00e8 stata resa possibile grazie al lavoro del Comune di Cervia, comitato per il Centenario di Milano Marittima, in collaborazione con la Regione Emilia Romagna, la Provincia di Ravenna e la Camera di Commercio Industria Artigianato Agricoltura di Ravenna. La cura della mostra \u00e8 di Valentina Orioli, dell&#8217;Universit\u00e0 di Bologna, Facolt\u00e0 di Architettura \u201cAldo Rossi\u201d .<\/p>\n","protected":false},"excerpt":{"rendered":"<p>Fino al prossimo 11 novembre a Cervia sar&agrave; visibile una bellissima mostra dedicata alla Citt&agrave; Giardino, &ldquo;Milano Marittima 100: Le architetture e la citt&agrave;&rdquo;. La mostra si tiene ai Magazzino del Sale (Torre), in via Nazario Sauro e cerca di mettere in luce l&rsquo;evoluzione di Milano Marittima, con un focus sul turismo e sulla sua &#8230;<a class=\"post-readmore\" href=\"https:\/\/www.minicity.it\/blog\/2012\/10\/larchitettura-di-milano-marittima-in-mostra\/\">read more<\/a><\/p>\n","protected":false},"author":1,"featured_media":0,"comment_status":"open","ping_status":"open","sticky":false,"template":"","format":"standard","meta":{"footnotes":""},"categories":[3],"tags":[21,63],"class_list":["post-4224","post","type-post","status-publish","format-standard","hentry","category-turismo","tag-milano-marittima","tag-mostre-cesenatico"],"aioseo_notices":[],"_links":{"self":[{"href":"https:\/\/www.minicity.it\/blog\/wp-json\/wp\/v2\/posts\/4224","targetHints":{"allow":["GET"]}}],"collection":[{"href":"https:\/\/www.minicity.it\/blog\/wp-json\/wp\/v2\/posts"}],"about":[{"href":"https:\/\/www.minicity.it\/blog\/wp-json\/wp\/v2\/types\/post"}],"author":[{"embeddable":true,"href":"https:\/\/www.minicity.it\/blog\/wp-json\/wp\/v2\/users\/1"}],"replies":[{"embeddable":true,"href":"https:\/\/www.minicity.it\/blog\/wp-json\/wp\/v2\/comments?post=4224"}],"version-history":[{"count":0,"href":"https:\/\/www.minicity.it\/blog\/wp-json\/wp\/v2\/posts\/4224\/revisions"}],"wp:attachment":[{"href":"https:\/\/www.minicity.it\/blog\/wp-json\/wp\/v2\/media?parent=4224"}],"wp:term":[{"taxonomy":"category","embeddable":true,"href":"https:\/\/www.minicity.it\/blog\/wp-json\/wp\/v2\/categories?post=4224"},{"taxonomy":"post_tag","embeddable":true,"href":"https:\/\/www.minicity.it\/blog\/wp-json\/wp\/v2\/tags?post=4224"}],"curies":[{"name":"wp","href":"https:\/\/api.w.org\/{rel}","templated":true}]}}