{"id":4231,"date":"2012-10-31T16:40:42","date_gmt":"2012-10-31T16:40:42","guid":{"rendered":"https:\/\/www.minicity.it\/blog\/?p=4231"},"modified":"2012-10-31T16:40:42","modified_gmt":"2012-10-31T16:40:42","slug":"rimini-si-prepara-al-natale","status":"publish","type":"post","link":"https:\/\/www.minicity.it\/blog\/2012\/10\/rimini-si-prepara-al-natale\/","title":{"rendered":"Rimini si prepara al Natale"},"content":{"rendered":"<p><strong><img loading=\"lazy\" decoding=\"async\" class=\"aligncenter size-full wp-image-4232\" title=\"natalerimini2012\" src=\"https:\/\/www.minicity.it\/blog\/wp-content\/uploads\/2012\/10\/natalerimini2012.jpg\" alt=\"\" width=\"580\" height=\"329\" \/><br \/>\nTra poco a Rimini sar\u00e0 Natale<\/strong>: qualche giorno fa, infatti, \u00e8 stato firmato il protocollo d\u2019intesa tra Comune di Rimini e i Comitati, Associazioni e Consorzi aderenti (in tutto oltre venti entit\u00e0) sull\u2019allestimento delle luminarie che si montano per il periodo natalizio e fin oltre la fine dell&#8217;anno.<\/p>\n<p>Secondo gli accordi appena stilati <strong>dalle ore 18:00 di sabato 24 novembre la citt\u00e0 di Rimini potr\u00e0 essere decorata a festa<\/strong>. Si tratta di un modo, secondo l&#8217;amministrazione comunale di Rimini, per sostenere il commercio e le attivit\u00e0 della citt\u00e0: una Rimini pi\u00f9 bella e ben decorata faciliter\u00e0 l&#8217;arrivo di turisti e persone da altre citt\u00e0 per fare shopping, mangiare o godere dei diversi eventi che si tengono in citt\u00e0.<\/p>\n<p>Lo ha confermato Jamil Sadegholvaad, assessore alle Attivit\u00e0 economiche di Rimini, che ha assicurato che l&#8217;amministrazione parteciper\u00e0 alle spese per il centro storico, insieme ai privati, come \u00e8 avvenuto per lo scorso anno. In pi\u00f9, secondo Sadegholvaad, queste luminarie (che resteranno fino al prossimo 6 gennaio) sono un modo per valorizzare i luoghi identitari di Rimini e rendere pi\u00f9 bella e gradevole la citt\u00e0. Le luminarie che, assicurano, sono di grande livello e qualit\u00e0, saranno in tutto il centro storico di Rimini, a Marina e ai Borghi. In questo modo si favoriranno le forme di aggregazione e le attivit\u00e0 invernali in citt\u00e0. La superficie coperta dalle luminarie sar\u00e0 di circa 30 chilometri, con 45 chilometri di filo usato e oltre 300 mila lampadine utilizzate.<\/p>\n","protected":false},"excerpt":{"rendered":"<p>Tra poco a Rimini sar&agrave; Natale: qualche giorno fa, infatti, &egrave; stato firmato il protocollo d&rsquo;intesa tra Comune di Rimini e i Comitati, Associazioni e Consorzi aderenti (in tutto oltre venti entit&agrave;) sull&rsquo;allestimento delle luminarie che si montano per il periodo natalizio e fin oltre la fine dell&rsquo;anno. Secondo gli accordi appena stilati dalle ore &#8230;<a class=\"post-readmore\" href=\"https:\/\/www.minicity.it\/blog\/2012\/10\/rimini-si-prepara-al-natale\/\">read more<\/a><\/p>\n","protected":false},"author":5,"featured_media":0,"comment_status":"open","ping_status":"open","sticky":false,"template":"","format":"standard","meta":{"footnotes":""},"categories":[3],"tags":[53,10],"class_list":["post-4231","post","type-post","status-publish","format-standard","hentry","category-turismo","tag-capodanno-rimini","tag-rimini"],"aioseo_notices":[],"_links":{"self":[{"href":"https:\/\/www.minicity.it\/blog\/wp-json\/wp\/v2\/posts\/4231","targetHints":{"allow":["GET"]}}],"collection":[{"href":"https:\/\/www.minicity.it\/blog\/wp-json\/wp\/v2\/posts"}],"about":[{"href":"https:\/\/www.minicity.it\/blog\/wp-json\/wp\/v2\/types\/post"}],"author":[{"embeddable":true,"href":"https:\/\/www.minicity.it\/blog\/wp-json\/wp\/v2\/users\/5"}],"replies":[{"embeddable":true,"href":"https:\/\/www.minicity.it\/blog\/wp-json\/wp\/v2\/comments?post=4231"}],"version-history":[{"count":0,"href":"https:\/\/www.minicity.it\/blog\/wp-json\/wp\/v2\/posts\/4231\/revisions"}],"wp:attachment":[{"href":"https:\/\/www.minicity.it\/blog\/wp-json\/wp\/v2\/media?parent=4231"}],"wp:term":[{"taxonomy":"category","embeddable":true,"href":"https:\/\/www.minicity.it\/blog\/wp-json\/wp\/v2\/categories?post=4231"},{"taxonomy":"post_tag","embeddable":true,"href":"https:\/\/www.minicity.it\/blog\/wp-json\/wp\/v2\/tags?post=4231"}],"curies":[{"name":"wp","href":"https:\/\/api.w.org\/{rel}","templated":true}]}}