{"id":4235,"date":"2012-11-05T14:41:55","date_gmt":"2012-11-05T14:41:55","guid":{"rendered":"https:\/\/www.minicity.it\/blog\/?p=4235"},"modified":"2012-11-05T14:41:55","modified_gmt":"2012-11-05T14:41:55","slug":"cervia-la-biennale-delle-chiese-laiche","status":"publish","type":"post","link":"https:\/\/www.minicity.it\/blog\/2012\/11\/cervia-la-biennale-delle-chiese-laiche\/","title":{"rendered":"Cervia: la Biennale delle Chiese Laiche"},"content":{"rendered":"<p><strong><img loading=\"lazy\" decoding=\"async\" class=\"aligncenter size-full wp-image-4237\" title=\"eventicerviabiennalechiese\" src=\"https:\/\/www.minicity.it\/blog\/wp-content\/uploads\/2012\/11\/eventicerviabiennalechiese.jpg\" alt=\"\" width=\"580\" height=\"331\" \/><br \/>\nFino al prossimo 25 novembre<\/strong> a <strong>Cervia<\/strong> sar\u00e0 possibile visitare una mostra d&#8217;arte contemporanea che coinvolge gran parte della provincia di Ravenna. Si tratta della <strong>\u201cBiennale delle Chiese Laiche &#8211; Le arti alla fine del mondo\u201d<\/strong> che si terr\u00e0 nella \u201cSala Rubicone\u201d ai <strong>Magazzini del Sale di Cervia<\/strong> e in altre sale sparse nella provincia, tra cui anche Russi.<\/p>\n<p>La \u201cBiennale delle Chiese Laiche &#8211; Le arti alla fine del mondo\u201d \u00e8 una manifestazione che \u00e8 giunta alla sua quinta edizione e vuole rendere omaggio agli edifici che hanno avuto un grande peso nella vita della citt\u00e0 dal punto di vista economico e lavorativo. Oggi questi luoghi \u2013 come \u00e8 il caso dei Magazzini del Sale di Cervia \u2013 sono spesso adibiti ad ospitare manifestazioni culturali.<\/p>\n<p>I Magazzini del Sale di Cervia ospitano alcuni dei maggiori artisti della Romagna, tra cui Gaia Cortesi, Isabellangela Germinario, Monica Spada, Enrico Lombardi, Roberta Dallara, Antonella Cinelli, Stefano Gattelli, Luca Giovagnoli e Mussoni Morena. Si spazia dalla pittura alla fotografia, dal design alla grafica, passando per il mosaico. In tutto 70 artisti che rendono omaggio alle \u201cChiese Laiche\u201d e alla Romagna.<\/p>\n<p>La \u201cBiennale delle Chiese Laiche &#8211; Le arti alla fine del mondo\u201d si pu\u00f2 visitare dal gioved\u00ec alla domenica dalle ore 16:00 alle ore 19:00. L&#8217;ingresso alla mostra \u00e8 gratuito. La \u201cBiennale delle Chiese Laiche &#8211; Le arti alla fine del mondo\u201d \u00e8 un lavoro curato dall&#8217;associazione culturale \u201cIl Cerbero\u201d e da Silvana Costa.<\/p>\n<p><strong>Per maggiori informazioni<\/strong> chiamare il numero 0544 583256 o scrivere una mail a info@ilcerbero.it. Il sito Internet di riferimento \u00e8 www.silvanacosta.net.<\/p>\n","protected":false},"excerpt":{"rendered":"<p>Fino al prossimo 25 novembre a Cervia sar&agrave; possibile visitare una mostra d&rsquo;arte contemporanea che coinvolge gran parte della provincia di Ravenna. Si tratta della &ldquo;Biennale delle Chiese Laiche &ndash; Le arti alla fine del mondo&rdquo; che si terr&agrave; nella &ldquo;Sala Rubicone&rdquo; ai Magazzini del Sale di Cervia e in altre sale sparse nella provincia, &#8230;<a class=\"post-readmore\" href=\"https:\/\/www.minicity.it\/blog\/2012\/11\/cervia-la-biennale-delle-chiese-laiche\/\">read more<\/a><\/p>\n","protected":false},"author":5,"featured_media":0,"comment_status":"open","ping_status":"open","sticky":false,"template":"","format":"standard","meta":{"footnotes":""},"categories":[3],"tags":[20,55],"class_list":["post-4235","post","type-post","status-publish","format-standard","hentry","category-turismo","tag-cervia","tag-notizie-cultura"],"aioseo_notices":[],"_links":{"self":[{"href":"https:\/\/www.minicity.it\/blog\/wp-json\/wp\/v2\/posts\/4235","targetHints":{"allow":["GET"]}}],"collection":[{"href":"https:\/\/www.minicity.it\/blog\/wp-json\/wp\/v2\/posts"}],"about":[{"href":"https:\/\/www.minicity.it\/blog\/wp-json\/wp\/v2\/types\/post"}],"author":[{"embeddable":true,"href":"https:\/\/www.minicity.it\/blog\/wp-json\/wp\/v2\/users\/5"}],"replies":[{"embeddable":true,"href":"https:\/\/www.minicity.it\/blog\/wp-json\/wp\/v2\/comments?post=4235"}],"version-history":[{"count":0,"href":"https:\/\/www.minicity.it\/blog\/wp-json\/wp\/v2\/posts\/4235\/revisions"}],"wp:attachment":[{"href":"https:\/\/www.minicity.it\/blog\/wp-json\/wp\/v2\/media?parent=4235"}],"wp:term":[{"taxonomy":"category","embeddable":true,"href":"https:\/\/www.minicity.it\/blog\/wp-json\/wp\/v2\/categories?post=4235"},{"taxonomy":"post_tag","embeddable":true,"href":"https:\/\/www.minicity.it\/blog\/wp-json\/wp\/v2\/tags?post=4235"}],"curies":[{"name":"wp","href":"https:\/\/api.w.org\/{rel}","templated":true}]}}