{"id":4243,"date":"2012-11-07T11:23:44","date_gmt":"2012-11-07T11:23:44","guid":{"rendered":"https:\/\/www.minicity.it\/blog\/?p=4243"},"modified":"2012-11-07T11:23:44","modified_gmt":"2012-11-07T11:23:44","slug":"un-libro-racconta-milano-marittima-dalla-nascita-ad-oggi","status":"publish","type":"post","link":"https:\/\/www.minicity.it\/blog\/2012\/11\/un-libro-racconta-milano-marittima-dalla-nascita-ad-oggi\/","title":{"rendered":"Un libro racconta Milano Marittima dalla nascita ad oggi"},"content":{"rendered":"<p><img loading=\"lazy\" decoding=\"async\" class=\"aligncenter size-full wp-image-4246\" title=\"libromilanomarittima\" src=\"https:\/\/www.minicity.it\/blog\/wp-content\/uploads\/2012\/11\/libromilanomarittima.jpg\" alt=\"\" width=\"580\" height=\"355\" \/><br \/>\n\u00c8 da poco uscito l&#8217;ultimo <strong>libro di Renato Lombardi<\/strong> dedicato alla citt\u00e0 giardino con il titolo &#8216;Milano Marittima compie cent\u2019anni (1912- 2012). Rassegna di immagini e testi dalla nascita alla \u201cgrande trasformazione\u201d&#8217;, edito da Edizioni Risguardi di Forl\u00ec.<\/p>\n<p>Si tratta di un lavoro che esce proprio nell&#8217;anno del <strong>Centenario di Milano Marittima<\/strong> e vuole indagare come la citt\u00e0 si \u00e8 evoluta da sede di villeggiatura di alcuni cittadini di Milano, con la nascita della \u201cSociet\u00e0Anonima Milano Marittima per lo sviluppo della spiaggia di Cervia\u201d, fino a diventare il centro turistico (e non solo) che \u00e8 oggi.<\/p>\n<p>&#8216;Milano Marittima compie cent\u2019anni (1912- 2012). Rassegna di immagini e testi dalla nascita alla \u201cgrande trasformazione\u201d&#8217; \u00e8 un volume di quasi 200 pagine, con un formato di 29,7\u00d721 cm. Di fatto si tratta di un catalogo, ampliato e approfondito, della mostra sul Centenario della Citt\u00e0 Giardino che \u00e8 stata visibile, da aprile fino a settembre 2012, in vari punti di Milano Marittima e di Cervia. &#8216;Milano Marittima compie cent\u2019anni (1912- 2012). Rassegna di immagini e testi dalla nascita alla \u201cgrande trasformazione\u201d&#8217; \u00e8 quindi un libro che dedica grande spazio alla fotografia, soprattutto d&#8217;epoca, mostrando uno scorcio della citt\u00e0 e della Romagna inedito ai pi\u00f9. Si parte con la costruzione del primo albergo di Milano Marittima, il \u201cMare e Pineta\u201d, agli stabilimenti balneari e alla colonie, fino ad arrivare ai locali e alle strutture di oggi. In tutto il volume contiene 86 immagini, pi\u00f9 un saggio inedito sulla nascita della citt\u00e0.<\/p>\n<p>&#8216;Milano Marittima compie cent\u2019anni (1912- 2012). Rassegna di immagini e testi dalla nascita alla \u201cgrande trasformazione\u201d&#8217; nasce dalla collaborazione di tre associazioni molto attive sul territorio cervese: la Casa delle Aie Cervia, il Gruppo culturale Civilt\u00e0 Salinara e il Circolo pescatori \u201cLa Pantofla\u201d.<\/p>\n","protected":false},"excerpt":{"rendered":"<p>&Egrave; da poco uscito l&rsquo;ultimo libro di Renato Lombardi dedicato alla citt&agrave; giardino con il titolo &lsquo;Milano Marittima compie cent&rsquo;anni (1912- 2012). Rassegna di immagini e testi dalla nascita alla &ldquo;grande trasformazione&rdquo;&rsquo;, edito da Edizioni Risguardi di Forl&igrave;. Si tratta di un lavoro che esce proprio nell&rsquo;anno del Centenario di Milano Marittima e vuole indagare &#8230;<a class=\"post-readmore\" href=\"https:\/\/www.minicity.it\/blog\/2012\/11\/un-libro-racconta-milano-marittima-dalla-nascita-ad-oggi\/\">read more<\/a><\/p>\n","protected":false},"author":5,"featured_media":0,"comment_status":"open","ping_status":"open","sticky":false,"template":"","format":"standard","meta":{"footnotes":""},"categories":[3],"tags":[21,55],"class_list":["post-4243","post","type-post","status-publish","format-standard","hentry","category-turismo","tag-milano-marittima","tag-notizie-cultura"],"aioseo_notices":[],"_links":{"self":[{"href":"https:\/\/www.minicity.it\/blog\/wp-json\/wp\/v2\/posts\/4243","targetHints":{"allow":["GET"]}}],"collection":[{"href":"https:\/\/www.minicity.it\/blog\/wp-json\/wp\/v2\/posts"}],"about":[{"href":"https:\/\/www.minicity.it\/blog\/wp-json\/wp\/v2\/types\/post"}],"author":[{"embeddable":true,"href":"https:\/\/www.minicity.it\/blog\/wp-json\/wp\/v2\/users\/5"}],"replies":[{"embeddable":true,"href":"https:\/\/www.minicity.it\/blog\/wp-json\/wp\/v2\/comments?post=4243"}],"version-history":[{"count":0,"href":"https:\/\/www.minicity.it\/blog\/wp-json\/wp\/v2\/posts\/4243\/revisions"}],"wp:attachment":[{"href":"https:\/\/www.minicity.it\/blog\/wp-json\/wp\/v2\/media?parent=4243"}],"wp:term":[{"taxonomy":"category","embeddable":true,"href":"https:\/\/www.minicity.it\/blog\/wp-json\/wp\/v2\/categories?post=4243"},{"taxonomy":"post_tag","embeddable":true,"href":"https:\/\/www.minicity.it\/blog\/wp-json\/wp\/v2\/tags?post=4243"}],"curies":[{"name":"wp","href":"https:\/\/api.w.org\/{rel}","templated":true}]}}