{"id":4288,"date":"2012-11-29T16:25:35","date_gmt":"2012-11-29T16:25:35","guid":{"rendered":"https:\/\/www.minicity.it\/blog\/?p=4288"},"modified":"2012-11-29T16:25:35","modified_gmt":"2012-11-29T16:25:35","slug":"rimini-due-mostre-dedicate-ai-presepi","status":"publish","type":"post","link":"https:\/\/www.minicity.it\/blog\/2012\/11\/rimini-due-mostre-dedicate-ai-presepi\/","title":{"rendered":"Rimini: due mostre dedicate ai presepi"},"content":{"rendered":"<p><strong><img loading=\"lazy\" decoding=\"async\" class=\"aligncenter size-full wp-image-4289\" title=\"presepidelmondorimini\" src=\"https:\/\/www.minicity.it\/blog\/wp-content\/uploads\/2012\/11\/presepidelmondorimini.jpg\" alt=\"\" width=\"580\" height=\"382\" \/><br \/>\nDal 2 dicembre a Rimini<\/strong>, al <strong>Palazzo del Podest\u00e0<\/strong>, potrete visitare una mostra adatta a tutta la famiglia e che si sposa perfettamente con il clima natalizio. Si tratta di <strong>\u201cPresepi dal Mondo\u201d<\/strong>, una lavoro allestito da Caritas \u2013 Migrantes con l\u2019aiuto e la collaborazione degli immigrati residenti a Rimini. Tutti i presepi che potrete visitare a \u201cPresepi dal Mondo\u201d sono realizzati con materiali (di riciclo e non) che arrivano dai Paesi di origine degli immigrati che hanno collaborato alla mostra.<\/p>\n<p>La visita alla mostra \u201cPresepi dal Mondo\u201d \u00e8 gratuita. La mostra, inoltre, apre un mese di grande richiamo per i Presepi a Rimini: a partire dall\u20198 dicembre la citt\u00e0 sar\u00e0 piena di rappresentazioni della Nativit\u00e0: in spiaggia, al porto, alla Darsena e persino nel centro storico. Fino al 6 gennaio si potranno ammirare ovunque presepi in stile e con colori e forme diverse. In pi\u00f9, l\u20198 dicembre verr\u00e0 anche inaugurato il bellissimo presepe dei padri Salesiani nella chiesa di Santa Maria Ausiliatrice.<\/p>\n<p>Si tratta di uno evento un po\u2019 particolare perch\u00e9 pensato in maniera interattiva. Il percorso infatti \u00e8 pensato attraverso grandi pannelli che raccontano la vita di Ges\u00f9 in grado di creare movimenti meccanici. Si tratta di due mostre legate a un grande classico della tradizione italiana che potranno essere visitati da grandi e piccini, perfetti per tutta la famiglia. Si tratta di una scusa in pi\u00f9 per passare un soggiorno o le vacanze di Natale a Rimini e visitare una delle citt\u00e0 pi\u00f9 belle della Riviera Romagnola.<\/p>\n","protected":false},"excerpt":{"rendered":"<p>Dal 2 dicembre a Rimini, al Palazzo del Podest&agrave;, potrete visitare una mostra adatta a tutta la famiglia e che si sposa perfettamente con il clima natalizio. Si tratta di &ldquo;Presepi dal Mondo&rdquo;, una lavoro allestito da Caritas &ndash; Migrantes con l&rsquo;aiuto e la collaborazione degli immigrati residenti a Rimini. Tutti i presepi che potrete &#8230;<a class=\"post-readmore\" href=\"https:\/\/www.minicity.it\/blog\/2012\/11\/rimini-due-mostre-dedicate-ai-presepi\/\">read more<\/a><\/p>\n","protected":false},"author":5,"featured_media":0,"comment_status":"open","ping_status":"open","sticky":false,"template":"","format":"standard","meta":{"footnotes":""},"categories":[3],"tags":[53,10],"class_list":["post-4288","post","type-post","status-publish","format-standard","hentry","category-turismo","tag-capodanno-rimini","tag-rimini"],"aioseo_notices":[],"_links":{"self":[{"href":"https:\/\/www.minicity.it\/blog\/wp-json\/wp\/v2\/posts\/4288","targetHints":{"allow":["GET"]}}],"collection":[{"href":"https:\/\/www.minicity.it\/blog\/wp-json\/wp\/v2\/posts"}],"about":[{"href":"https:\/\/www.minicity.it\/blog\/wp-json\/wp\/v2\/types\/post"}],"author":[{"embeddable":true,"href":"https:\/\/www.minicity.it\/blog\/wp-json\/wp\/v2\/users\/5"}],"replies":[{"embeddable":true,"href":"https:\/\/www.minicity.it\/blog\/wp-json\/wp\/v2\/comments?post=4288"}],"version-history":[{"count":0,"href":"https:\/\/www.minicity.it\/blog\/wp-json\/wp\/v2\/posts\/4288\/revisions"}],"wp:attachment":[{"href":"https:\/\/www.minicity.it\/blog\/wp-json\/wp\/v2\/media?parent=4288"}],"wp:term":[{"taxonomy":"category","embeddable":true,"href":"https:\/\/www.minicity.it\/blog\/wp-json\/wp\/v2\/categories?post=4288"},{"taxonomy":"post_tag","embeddable":true,"href":"https:\/\/www.minicity.it\/blog\/wp-json\/wp\/v2\/tags?post=4288"}],"curies":[{"name":"wp","href":"https:\/\/api.w.org\/{rel}","templated":true}]}}