{"id":4292,"date":"2012-12-04T11:18:51","date_gmt":"2012-12-04T11:18:51","guid":{"rendered":"https:\/\/www.minicity.it\/blog\/?p=4292"},"modified":"2012-12-04T11:19:55","modified_gmt":"2012-12-04T11:19:55","slug":"natale-2012-rimini-e-i-presepi","status":"publish","type":"post","link":"https:\/\/www.minicity.it\/blog\/2012\/12\/natale-2012-rimini-e-i-presepi\/","title":{"rendered":"Natale 2012: Rimini e i presepi"},"content":{"rendered":"<p><strong><img loading=\"lazy\" decoding=\"async\" class=\"aligncenter size-full wp-image-4293\" title=\"presepinatalerimini2012\" src=\"https:\/\/www.minicity.it\/blog\/wp-content\/uploads\/2012\/12\/presepinatalerimini2012.jpg\" alt=\"\" width=\"580\" height=\"387\" \/><br \/>\nRimini<\/strong> si \u00e8 immersa nel clima natalizio, lasciandosi alle spalle l\u2019atmosfera festaiola tipica dell\u2019estate. Per questo in diversi punti della citt\u00e0 verranno allestiti presepi, ciascuno con materiali e tematiche diverse. Quest\u2019anno, infatti la citt\u00e0 \u00e8 piena di punti in cui ammirare la Nativit\u00e0. Si parte dal <strong>presepe di Marina Centro<\/strong> e di <strong>Torre Pedrera<\/strong>, entrambi con statue fatte a dimensioni naturali.<\/p>\n<p>Una grande novit\u00e0 del <strong>Natale 2012<\/strong> a Rimini \u00e8 il <strong>Presepe subacqueo<\/strong> che verr\u00e0 allestito alla Darsena. Lo si pu\u00f2 visitare con una pratica immersione, oppure attendere il giorno di Natale: <strong>il 25 dicembre, infatti, il presepe verr\u00e0 fatto emergere<\/strong>, restando in superfice fino all\u2019Epifania. Al porto di Rimini, inoltre, troverete un bellissimo presepe galleggiante, costruito a partire da un trabaccolo intagliato in legno. Per l\u2019occasione, inoltre, il ponte del porto sar\u00e0 interamente addobbato con oltre 500 conchiglie e frasi di auguri e benvenuto in 60 lingue. E, per l\u2019occasione, \u00e8 prevista un\u2019Epifania speciale: i magi, il 6 gennaio, arriveranno in barca. Per quanto riguarda il centro storico, invece, il 23 dicembre sar\u00e0 possibile ammirare un gran classico: il Presepe vivente: fatto con tutte le figure classiche della Nativit\u00e0 e con gli animali tipici della rappresentazione.<\/p>\n<p><strong>I presepi di Rimini<\/strong> saranno visibili per tutto il periodo natalizio, a partire <strong>dall\u20198 dicembre e fino al prossimo 6 gennaio<\/strong>, ovvero l\u2019Epifania. Si tratta di una bella iniziativa che il Comune e gli esercenti di Rimini hanno voluto lanciare per rendere la citt\u00e0 ancora pi\u00f9 viva e attiva in occasione delle <a href=\"https:\/\/www.minicity.it\/rimini\/hotel-capodanno.html\" target=\"_blank\">feste natalizie ed il capodanno a Rimini<\/a>, cercando di attuare un piano che ormai da diversi anni viene proposto: quello di destagionalizzare il pi\u00f9 possibile il turismo ed essere una meta turistica tutto l\u2019anno.<\/p>\n","protected":false},"excerpt":{"rendered":"<p>Rimini si &egrave; immersa nel clima natalizio, lasciandosi alle spalle l&rsquo;atmosfera festaiola tipica dell&rsquo;estate. Per questo in diversi punti della citt&agrave; verranno allestiti presepi, ciascuno con materiali e tematiche diverse. Quest&rsquo;anno, infatti la citt&agrave; &egrave; piena di punti in cui ammirare la Nativit&agrave;. Si parte dal presepe di Marina Centro e di Torre Pedrera, entrambi &#8230;<a class=\"post-readmore\" href=\"https:\/\/www.minicity.it\/blog\/2012\/12\/natale-2012-rimini-e-i-presepi\/\">read more<\/a><\/p>\n","protected":false},"author":5,"featured_media":0,"comment_status":"open","ping_status":"open","sticky":false,"template":"","format":"standard","meta":{"footnotes":""},"categories":[3],"tags":[53,10],"class_list":["post-4292","post","type-post","status-publish","format-standard","hentry","category-turismo","tag-capodanno-rimini","tag-rimini"],"aioseo_notices":[],"_links":{"self":[{"href":"https:\/\/www.minicity.it\/blog\/wp-json\/wp\/v2\/posts\/4292","targetHints":{"allow":["GET"]}}],"collection":[{"href":"https:\/\/www.minicity.it\/blog\/wp-json\/wp\/v2\/posts"}],"about":[{"href":"https:\/\/www.minicity.it\/blog\/wp-json\/wp\/v2\/types\/post"}],"author":[{"embeddable":true,"href":"https:\/\/www.minicity.it\/blog\/wp-json\/wp\/v2\/users\/5"}],"replies":[{"embeddable":true,"href":"https:\/\/www.minicity.it\/blog\/wp-json\/wp\/v2\/comments?post=4292"}],"version-history":[{"count":0,"href":"https:\/\/www.minicity.it\/blog\/wp-json\/wp\/v2\/posts\/4292\/revisions"}],"wp:attachment":[{"href":"https:\/\/www.minicity.it\/blog\/wp-json\/wp\/v2\/media?parent=4292"}],"wp:term":[{"taxonomy":"category","embeddable":true,"href":"https:\/\/www.minicity.it\/blog\/wp-json\/wp\/v2\/categories?post=4292"},{"taxonomy":"post_tag","embeddable":true,"href":"https:\/\/www.minicity.it\/blog\/wp-json\/wp\/v2\/tags?post=4292"}],"curies":[{"name":"wp","href":"https:\/\/api.w.org\/{rel}","templated":true}]}}