{"id":4312,"date":"2012-12-06T16:34:25","date_gmt":"2012-12-06T16:34:25","guid":{"rendered":"https:\/\/www.minicity.it\/blog\/?p=4312"},"modified":"2012-12-06T16:34:25","modified_gmt":"2012-12-06T16:34:25","slug":"riccione-invasa-dai-babbi-natale","status":"publish","type":"post","link":"https:\/\/www.minicity.it\/blog\/2012\/12\/riccione-invasa-dai-babbi-natale\/","title":{"rendered":"Riccione invasa dai Babbi Natale"},"content":{"rendered":"<p><strong><img loading=\"lazy\" decoding=\"async\" class=\"aligncenter size-full wp-image-4314\" title=\"babbinatalericcione2012\" src=\"https:\/\/www.minicity.it\/blog\/wp-content\/uploads\/2012\/12\/babbinatalericcione2012.jpg\" alt=\"\" width=\"580\" height=\"331\" \/><br \/>\nIl prossimo 23 dicembre Riccione<\/strong> verr\u00e0 invasa da una marcia di uomini vestiti di rosso, con tanto di barba e cappello. Si tratta de \u201cLa Carica dei Babbi Natale\u201d, una camminata pacifica e colorata che passer\u00e0 dal centro storico di Riccione con musica, canti, spettacoli e tanto divertimento.<\/p>\n<p><strong>\u201cLa Carica dei Babbi Natale\u201d<\/strong> \u00e8 un evento benefico che ormai \u00e8 giunto alla sua quarta edizione che mira a sostenere le famiglie in difficolt\u00e0 della citt\u00e0, con l&#8217;aiuto anche delle parrocchie. Il kit di partecipazione a \u201cLa Carica dei Babbi Natale\u201d prevede un costume che va indossato durante l&#8217;evento. \u201cLa Carica dei Babbi Natale\u201d <strong>partir\u00e0 alle ore 15 di domenica 23 dicembre dal Palazzo del Turismo<\/strong> di Riccione e proseguir\u00e0 poi per il centro storico.<\/p>\n<p><strong>L&#8217;edizione del 2011 \u00e8 stata un grande successo:<\/strong> oltre 4 mila babbi Natale, cavalli vestiti da renne, musica e concerto per finanziare l\u2019acquisto di un ecoendoscopio per il reparto di radiologia dell\u2019ospedale Ceccarini e per ristrutturare una casa di accoglienza per persone Down. Per questa edizione ci si aspetta ancora pi\u00f9 partecipazione. \u201cLa Carica dei Babbi Natale\u201d fa parte dei tanti eventi che la Perla Verde ha organizzato in occasione delle festivit\u00e0 natalizie del 2012. A questo scopo \u00e8 stato creato un vero e proprio comitato \u201cRiccione XMas\u201d che si occupa di tutti gli eventi che si tengono in citt\u00e0: concerti, fiere, spettacoli, mercatini e tanto altro. <strong>Per maggiori informazioni<\/strong> sull&#8217;evento contattare il numero 339\/7220499.<\/p>\n","protected":false},"excerpt":{"rendered":"<p>Il prossimo 23 dicembre Riccione verr&agrave; invasa da una marcia di uomini vestiti di rosso, con tanto di barba e cappello. Si tratta de &ldquo;La Carica dei Babbi Natale&rdquo;, una camminata pacifica e colorata che passer&agrave; dal centro storico di Riccione con musica, canti, spettacoli e tanto divertimento. &ldquo;La Carica dei Babbi Natale&rdquo; &egrave; un &#8230;<a class=\"post-readmore\" href=\"https:\/\/www.minicity.it\/blog\/2012\/12\/riccione-invasa-dai-babbi-natale\/\">read more<\/a><\/p>\n","protected":false},"author":5,"featured_media":0,"comment_status":"open","ping_status":"open","sticky":false,"template":"","format":"standard","meta":{"footnotes":""},"categories":[3],"tags":[53,34],"class_list":["post-4312","post","type-post","status-publish","format-standard","hentry","category-turismo","tag-capodanno-rimini","tag-riccione"],"aioseo_notices":[],"_links":{"self":[{"href":"https:\/\/www.minicity.it\/blog\/wp-json\/wp\/v2\/posts\/4312","targetHints":{"allow":["GET"]}}],"collection":[{"href":"https:\/\/www.minicity.it\/blog\/wp-json\/wp\/v2\/posts"}],"about":[{"href":"https:\/\/www.minicity.it\/blog\/wp-json\/wp\/v2\/types\/post"}],"author":[{"embeddable":true,"href":"https:\/\/www.minicity.it\/blog\/wp-json\/wp\/v2\/users\/5"}],"replies":[{"embeddable":true,"href":"https:\/\/www.minicity.it\/blog\/wp-json\/wp\/v2\/comments?post=4312"}],"version-history":[{"count":0,"href":"https:\/\/www.minicity.it\/blog\/wp-json\/wp\/v2\/posts\/4312\/revisions"}],"wp:attachment":[{"href":"https:\/\/www.minicity.it\/blog\/wp-json\/wp\/v2\/media?parent=4312"}],"wp:term":[{"taxonomy":"category","embeddable":true,"href":"https:\/\/www.minicity.it\/blog\/wp-json\/wp\/v2\/categories?post=4312"},{"taxonomy":"post_tag","embeddable":true,"href":"https:\/\/www.minicity.it\/blog\/wp-json\/wp\/v2\/tags?post=4312"}],"curies":[{"name":"wp","href":"https:\/\/api.w.org\/{rel}","templated":true}]}}