{"id":4332,"date":"2012-12-13T15:39:32","date_gmt":"2012-12-13T15:39:32","guid":{"rendered":"https:\/\/www.minicity.it\/blog\/?p=4332"},"modified":"2012-12-13T15:39:32","modified_gmt":"2012-12-13T15:39:32","slug":"capodanno-bagnato-a-cattolica","status":"publish","type":"post","link":"https:\/\/www.minicity.it\/blog\/2012\/12\/capodanno-bagnato-a-cattolica\/","title":{"rendered":"Capodanno bagnato a Cattolica"},"content":{"rendered":"<p><img loading=\"lazy\" decoding=\"async\" class=\"size-full wp-image-4333 aligncenter\" title=\"capodannomarecattolica2013\" src=\"https:\/\/www.minicity.it\/blog\/wp-content\/uploads\/2012\/12\/capodannomarecattolica2013.jpg\" alt=\"\" width=\"580\" height=\"304\" \/><br \/>\nDa anni ormai <strong>Cattolica<\/strong> ha un modo tutto suo e speciale di salutare l&#8217;anno nuovo: un <strong>bagno nelle acque dell&#8217;Adriatico<\/strong>. Si tratta di una tradizione molto antica e tipica, in qualche modo, di tantissime localit\u00e0 che si affacciano sul mare e che al mare devono gran parte della loro vita e della loro economia. Il bagno del primo dell&#8217;anno, in un clima spesso molto freddo (quasi sempre di poco sopra lo zero) \u00e8 un gesto che mette in risalto la passione dell&#8217;uomo per il mare.<\/p>\n<p><strong>Il bagno di Capodanno a Cattolica<\/strong> non \u00e8 un rituale esclusivo ma chiunque, armato di coraggio e di buona salute, si pu\u00f2 avventurare: tutti coloro che vogliono, turisti e non, si possono lanciare in acqua per dare il benvenuto al 2013.<\/p>\n<p>Il bagno di Capodanno a Cattolica \u00e8 previsto per il <strong>1\u00b0gennaio 2012 alle ore 11:00<\/strong>. tutti i partecipanti si ritroveranno nella piazza Primo Maggio e poi, insieme, si sposteranno verso la spiaggia per andare a immergersi nelle acque del mare Adriatico.<\/p>\n<p>Inoltre, il bagno in mare \u00e8 un&#8217;occasione perfetta per poi, rigenerati, partire per visitare Cattolica e il suo entroterra, fatto di verde e localit\u00e0 tipiche. Il capodanno a Cattolica pu\u00f2 diventare un&#8217;occasione per un pranzo ghiotto con specialit\u00e0 romagnole e per una visita ai luoghi della storia e della cultura in Romagna.<\/p>\n","protected":false},"excerpt":{"rendered":"<p>Da anni ormai Cattolica ha un modo tutto suo e speciale di salutare l&rsquo;anno nuovo: un bagno nelle acque dell&rsquo;Adriatico. Si tratta di una tradizione molto antica e tipica, in qualche modo, di tantissime localit&agrave; che si affacciano sul mare e che al mare devono gran parte della loro vita e della loro economia. Il &#8230;<a class=\"post-readmore\" href=\"https:\/\/www.minicity.it\/blog\/2012\/12\/capodanno-bagnato-a-cattolica\/\">read more<\/a><\/p>\n","protected":false},"author":5,"featured_media":0,"comment_status":"open","ping_status":"open","sticky":false,"template":"","format":"standard","meta":{"footnotes":""},"categories":[3],"tags":[53,37],"class_list":["post-4332","post","type-post","status-publish","format-standard","hentry","category-turismo","tag-capodanno-rimini","tag-cattolica"],"aioseo_notices":[],"_links":{"self":[{"href":"https:\/\/www.minicity.it\/blog\/wp-json\/wp\/v2\/posts\/4332","targetHints":{"allow":["GET"]}}],"collection":[{"href":"https:\/\/www.minicity.it\/blog\/wp-json\/wp\/v2\/posts"}],"about":[{"href":"https:\/\/www.minicity.it\/blog\/wp-json\/wp\/v2\/types\/post"}],"author":[{"embeddable":true,"href":"https:\/\/www.minicity.it\/blog\/wp-json\/wp\/v2\/users\/5"}],"replies":[{"embeddable":true,"href":"https:\/\/www.minicity.it\/blog\/wp-json\/wp\/v2\/comments?post=4332"}],"version-history":[{"count":0,"href":"https:\/\/www.minicity.it\/blog\/wp-json\/wp\/v2\/posts\/4332\/revisions"}],"wp:attachment":[{"href":"https:\/\/www.minicity.it\/blog\/wp-json\/wp\/v2\/media?parent=4332"}],"wp:term":[{"taxonomy":"category","embeddable":true,"href":"https:\/\/www.minicity.it\/blog\/wp-json\/wp\/v2\/categories?post=4332"},{"taxonomy":"post_tag","embeddable":true,"href":"https:\/\/www.minicity.it\/blog\/wp-json\/wp\/v2\/tags?post=4332"}],"curies":[{"name":"wp","href":"https:\/\/api.w.org\/{rel}","templated":true}]}}