{"id":4336,"date":"2012-12-14T14:11:17","date_gmt":"2012-12-14T14:11:17","guid":{"rendered":"https:\/\/www.minicity.it\/blog\/?p=4336"},"modified":"2012-12-14T14:11:17","modified_gmt":"2012-12-14T14:11:17","slug":"il-presepe-vivente-a-cervia","status":"publish","type":"post","link":"https:\/\/www.minicity.it\/blog\/2012\/12\/il-presepe-vivente-a-cervia\/","title":{"rendered":"Il Presepe Vivente a Cervia"},"content":{"rendered":"<p><strong><img loading=\"lazy\" decoding=\"async\" class=\"aligncenter size-full wp-image-4337\" title=\"presepeviventecervia2012\" src=\"https:\/\/www.minicity.it\/blog\/wp-content\/uploads\/2012\/12\/presepeviventecervia2012.jpg\" alt=\"\" width=\"580\" height=\"420\" \/><br \/>\nA Cervia<\/strong> torna una tradizione molto sentita in citt\u00e0. Si tratta del <strong>Presepe Vivente,<\/strong> che <strong>domenica 16 dicembre<\/strong> prossima torna ad animare i festeggiamenti pre-natalizi della cittadina romagnola.<\/p>\n<p>L&#8217;appuntamento \u00e8 in <strong>piazza Garibaldi<\/strong> a partire dalla <strong>ore 15:30<\/strong>: si tratta della <strong>19esima edizione del Presepe Vivente<\/strong>, che quest&#8217;anno si annuncia ancora pi\u00f9 grande. Per il Presepe Vivente di Cervia sono attese un centinaio di persone, che saranno ad animare la nativit\u00e0. Ci saranno coloro che sono addetti a portare doni alla Capanna, chi far\u00e0 i Tre Re Magi, chi i pastori, chi i lavoratori di mestieri antichi. Il Presepe Vivente di Cervia segue la regia di Oliver Zaccheroni, che si occupa anche del ricreare l&#8217;ambientazione cittadina intorno al Nativit\u00e0.<\/p>\n<p><strong>Il Presepe Vivente di Cervia<\/strong> \u00e8 un evento itinerante: si parte da <strong>viale Roma<\/strong> con il corteo in maschera, per poi andare verso Piazza Pisacane e, poi, <strong>fino alla centrale Piazza Garibaldi<\/strong>. In testa al corteo del Presepe Vivente di Cervia ci sar\u00e0 Don Umberto Paganelli e, durante la giornata verranno letto brani dei Vangeli, musiche e canti. Il Presepe Vivente di Cervia \u00e8 un evento organizzato dall&#8217;associazione Culturale &#8220;Stella Maris di Cervia&#8221; insieme alla Parrocchia Concattedrale S. Maria Assunta.<\/p>\n<p>Il Presepe Vivente di Cervia \u00e8 solo uno dei tanti che si tengono in citt\u00e0 quest&#8217;anno per dare il benvenuto al Natale: il \u201ctour dei Presepi\u201d, infatti, permette di ammirare diverse riproduzioni della Nativit\u00e0, sparse tra il Musa, la chiesa del Suffragio, la chiesa Stella Maris e il centro di Milano Marittima.<\/p>\n","protected":false},"excerpt":{"rendered":"<p>A Cervia torna una tradizione molto sentita in citt&agrave;. Si tratta del Presepe Vivente, che domenica 16 dicembre prossima torna ad animare i festeggiamenti pre-natalizi della cittadina romagnola. L&rsquo;appuntamento &egrave; in piazza Garibaldi a partire dalla ore 15:30: si tratta della 19esima edizione del Presepe Vivente, che quest&rsquo;anno si annuncia ancora pi&ugrave; grande. Per il &#8230;<a class=\"post-readmore\" href=\"https:\/\/www.minicity.it\/blog\/2012\/12\/il-presepe-vivente-a-cervia\/\">read more<\/a><\/p>\n","protected":false},"author":5,"featured_media":0,"comment_status":"open","ping_status":"open","sticky":false,"template":"","format":"standard","meta":{"footnotes":""},"categories":[3],"tags":[20,33],"class_list":["post-4336","post","type-post","status-publish","format-standard","hentry","category-turismo","tag-cervia","tag-eventi-riviera"],"aioseo_notices":[],"_links":{"self":[{"href":"https:\/\/www.minicity.it\/blog\/wp-json\/wp\/v2\/posts\/4336","targetHints":{"allow":["GET"]}}],"collection":[{"href":"https:\/\/www.minicity.it\/blog\/wp-json\/wp\/v2\/posts"}],"about":[{"href":"https:\/\/www.minicity.it\/blog\/wp-json\/wp\/v2\/types\/post"}],"author":[{"embeddable":true,"href":"https:\/\/www.minicity.it\/blog\/wp-json\/wp\/v2\/users\/5"}],"replies":[{"embeddable":true,"href":"https:\/\/www.minicity.it\/blog\/wp-json\/wp\/v2\/comments?post=4336"}],"version-history":[{"count":0,"href":"https:\/\/www.minicity.it\/blog\/wp-json\/wp\/v2\/posts\/4336\/revisions"}],"wp:attachment":[{"href":"https:\/\/www.minicity.it\/blog\/wp-json\/wp\/v2\/media?parent=4336"}],"wp:term":[{"taxonomy":"category","embeddable":true,"href":"https:\/\/www.minicity.it\/blog\/wp-json\/wp\/v2\/categories?post=4336"},{"taxonomy":"post_tag","embeddable":true,"href":"https:\/\/www.minicity.it\/blog\/wp-json\/wp\/v2\/tags?post=4336"}],"curies":[{"name":"wp","href":"https:\/\/api.w.org\/{rel}","templated":true}]}}