{"id":4354,"date":"2012-12-20T13:50:50","date_gmt":"2012-12-20T13:50:50","guid":{"rendered":"https:\/\/www.minicity.it\/blog\/?p=4354"},"modified":"2012-12-20T13:50:57","modified_gmt":"2012-12-20T13:50:57","slug":"sergio-casabianca-in-concerto-a-rimini","status":"publish","type":"post","link":"https:\/\/www.minicity.it\/blog\/2012\/12\/sergio-casabianca-in-concerto-a-rimini\/","title":{"rendered":"Sergio Casabianca in concerto a Rimini"},"content":{"rendered":"<p><strong><img loading=\"lazy\" decoding=\"async\" class=\"aligncenter size-full wp-image-4355\" alt=\"SergioCasabianca\" src=\"https:\/\/www.minicity.it\/blog\/wp-content\/uploads\/2012\/12\/SergioCasabianca.png\" width=\"580\" height=\"322\" \/><br \/>\nGioved\u00ec 27 dicembre<\/strong>, dalle ore 17:00 in <strong>piazza Cavour a Rimini<\/strong> si terr\u00e0 un concerto che regaler\u00e0 grandi emozioni. Si tratta del concerto di <strong>Sergio Casabianca<\/strong>, che animer\u00e0 la serata fino alle ore 18:30. Sergio Casabianca \u00e8 un nome molto noto a Rimini. Si tratta di un cantautore che \u00e8 nato in citt\u00e0, e che si \u00e8 fatto conoscere per la sua musica e per le sue gag come comico in vari locali di Rimini.<\/p>\n<p>Sergio Casabianca tra i fondatori e gli organizzatori del \u201c<strong>Festival della musica sciancata<\/strong>\u201d, una rassegna basata su musica e ironia che si \u00e8 tenuto a Rimini e ha partecipato a diversi festival e spettacoli, tra cui il Festival di Castrocaro e San Remo Rock. Inoltre, Sergio Casabianca ha anche aperto un concerto di Zucchero Fornaciari a Parma. Tra le sue collaborazioni ricordiamo anche quella con Giulio Capiozzo e Paul Manners. Il suo ultimo album si intitola \u201cMendicante d&#8217;Amore\u201d. I proventi della vendita dell&#8217;ultimo album di Sergio Casabianca verrano devoluti ai bambini del progetto \u201cSangkeum\u201d in Cambogia.<\/p>\n<p>Il concerto di Sergio Casabianca fa parte della rassegna di eventi che la citt\u00e0 di Rimini ha organizzato in <a href=\"https:\/\/www.minicity.it\/rimini\/hotel-capodanno.html\" target=\"_blank\"><strong>occasione del Capodanno<\/strong><\/a>. Anche quest&#8217;anno la formula scelta \u00e8 quella del \u201c<strong>Capodanno pi\u00f9 lungo del mondo<\/strong>\u201d, ovvero eventi e manifestazioni che accendono la citt\u00e0 per tutto il mese di dicembre e fino al sei gennaio 2013.<\/p>\n","protected":false},"excerpt":{"rendered":"<p>Gioved&igrave; 27 dicembre, dalle ore 17:00 in piazza Cavour a Rimini si terr&agrave; un concerto che regaler&agrave; grandi emozioni. Si tratta del concerto di Sergio Casabianca, che animer&agrave; la serata fino alle ore 18:30. Sergio Casabianca &egrave; un nome molto noto a Rimini. Si tratta di un cantautore che &egrave; nato in citt&agrave;, e che &#8230;<a class=\"post-readmore\" href=\"https:\/\/www.minicity.it\/blog\/2012\/12\/sergio-casabianca-in-concerto-a-rimini\/\">read more<\/a><\/p>\n","protected":false},"author":5,"featured_media":0,"comment_status":"open","ping_status":"open","sticky":false,"template":"","format":"standard","meta":{"footnotes":""},"categories":[3],"tags":[53,39,10],"class_list":["post-4354","post","type-post","status-publish","format-standard","hentry","category-turismo","tag-capodanno-rimini","tag-concerti","tag-rimini"],"aioseo_notices":[],"_links":{"self":[{"href":"https:\/\/www.minicity.it\/blog\/wp-json\/wp\/v2\/posts\/4354","targetHints":{"allow":["GET"]}}],"collection":[{"href":"https:\/\/www.minicity.it\/blog\/wp-json\/wp\/v2\/posts"}],"about":[{"href":"https:\/\/www.minicity.it\/blog\/wp-json\/wp\/v2\/types\/post"}],"author":[{"embeddable":true,"href":"https:\/\/www.minicity.it\/blog\/wp-json\/wp\/v2\/users\/5"}],"replies":[{"embeddable":true,"href":"https:\/\/www.minicity.it\/blog\/wp-json\/wp\/v2\/comments?post=4354"}],"version-history":[{"count":0,"href":"https:\/\/www.minicity.it\/blog\/wp-json\/wp\/v2\/posts\/4354\/revisions"}],"wp:attachment":[{"href":"https:\/\/www.minicity.it\/blog\/wp-json\/wp\/v2\/media?parent=4354"}],"wp:term":[{"taxonomy":"category","embeddable":true,"href":"https:\/\/www.minicity.it\/blog\/wp-json\/wp\/v2\/categories?post=4354"},{"taxonomy":"post_tag","embeddable":true,"href":"https:\/\/www.minicity.it\/blog\/wp-json\/wp\/v2\/tags?post=4354"}],"curies":[{"name":"wp","href":"https:\/\/api.w.org\/{rel}","templated":true}]}}