{"id":4380,"date":"2013-02-25T15:04:09","date_gmt":"2013-02-25T15:04:09","guid":{"rendered":"https:\/\/www.minicity.it\/blog\/?p=4380"},"modified":"2013-02-25T15:04:09","modified_gmt":"2013-02-25T15:04:09","slug":"il-sogno-di-allevi","status":"publish","type":"post","link":"https:\/\/www.minicity.it\/blog\/2013\/02\/il-sogno-di-allevi\/","title":{"rendered":"Il sogno di Allevi"},"content":{"rendered":"<p><img loading=\"lazy\" decoding=\"async\" class=\"alignleft size-full wp-image-4381\" alt=\"giovanniallevi\" src=\"https:\/\/www.minicity.it\/blog\/wp-content\/uploads\/2013\/02\/giovanniallevi.jpg\" width=\"338\" height=\"236\" \/>Il sogno narrato su tasti neri e bianchi da <strong>Giovanni Allevi<\/strong> \u00e8 di nuovo realt\u00e0: sabato 20 aprile il giovane pianista e compositore presenter\u00e0 al <strong>Pala De Andr\u00e8<\/strong> il suo nuovo progetto sinfonico <strong>\u201cSunrise\u201d<\/strong>, insieme all\u2019Orchestra sinfonica italiana.<\/p>\n<p>Dopo i successi straordinari delle prime date, Allevi prosegue il suo tour trionfale portando sul <strong>palco ravennate<\/strong>, nell\u2019unica data in <strong>Emilia Romagna<\/strong>, le nuove composizioni: <strong>\u201cLa danza della Strega &#8211; Concerto per violino e orchestra in fa minore\u201d<\/strong> e <strong>\u201cFantasia concertante per pianoforte e orchestra\u201d<\/strong>. Tra i maggiori compositori del panorama internazionale, l\u2019enfant terrible della musica classica indossa sul palco jeans e scarpe da tennis, per dichiarare che ci\u00f2 conta sopra ogni cosa \u00e8 la musica, tutto il resto \u00e8 superfluo. Il suo straordinario talento e il suo carisma hanno annichilito il mondo accademico e conquistato le nuove generazioni, che affollano i suoi concerti. Giovanni Allevi ha tratteggiato i canoni di nuova \u201cmusica classica contemporanea\u201d, distante dall\u2019esperienza dodecafonica e minimalista, che trae fondamento, con nuova intensit\u00e0 ritmica e melodica, dalla tradizione classica infusa della musica del presente.<\/p>\n<p>Tanti i concerti che hanno decretato il suo successo, come quello tenutosi alla Citt\u00e0 Proibita di Pechino durante le Olimpiadi 2008, che ha visto Allevi dirigere la China Philharmonic Orchestra, il concerto di pianoforte solo in piazza del Plebiscito a Napoli di fronte a 11mila persone e il concerto all\u2019Arena di Verona alla direzione della All Stars Orchestra, formata da 90 elementi scelti tra i musicisti pi\u00f9 virtuosi dei migliori ensemble musicali del mondo.<\/p>\n<p>Il 2010 ha visto l\u2019artista impegnato nell\u2019Alien World Tour con una serie di concerti per pianoforte solo in Italia e nelle maggiori capitali europee. Chiamato per la seconda volta a rappresentare la musica italiana alle Olimpiadi di Londra nel 2012, nello stesso anno ha pubblicato il nuovo album di composizioni sinfoniche \u201cSunrise\u201d, uscito il 30 ottobre.<\/p>\n","protected":false},"excerpt":{"rendered":"<p>Il sogno narrato su tasti neri e bianchi da Giovanni Allevi &egrave; di nuovo realt&agrave;: sabato 20 aprile il giovane pianista e compositore presenter&agrave; al Pala De Andr&egrave; il suo nuovo progetto sinfonico &ldquo;Sunrise&rdquo;, insieme all&rsquo;Orchestra sinfonica italiana. Dopo i successi straordinari delle prime date, Allevi prosegue il suo tour trionfale portando sul palco ravennate, &#8230;<a class=\"post-readmore\" href=\"https:\/\/www.minicity.it\/blog\/2013\/02\/il-sogno-di-allevi\/\">read more<\/a><\/p>\n","protected":false},"author":5,"featured_media":0,"comment_status":"open","ping_status":"open","sticky":false,"template":"","format":"standard","meta":{"footnotes":""},"categories":[3],"tags":[39,33],"class_list":["post-4380","post","type-post","status-publish","format-standard","hentry","category-turismo","tag-concerti","tag-eventi-riviera"],"aioseo_notices":[],"_links":{"self":[{"href":"https:\/\/www.minicity.it\/blog\/wp-json\/wp\/v2\/posts\/4380","targetHints":{"allow":["GET"]}}],"collection":[{"href":"https:\/\/www.minicity.it\/blog\/wp-json\/wp\/v2\/posts"}],"about":[{"href":"https:\/\/www.minicity.it\/blog\/wp-json\/wp\/v2\/types\/post"}],"author":[{"embeddable":true,"href":"https:\/\/www.minicity.it\/blog\/wp-json\/wp\/v2\/users\/5"}],"replies":[{"embeddable":true,"href":"https:\/\/www.minicity.it\/blog\/wp-json\/wp\/v2\/comments?post=4380"}],"version-history":[{"count":0,"href":"https:\/\/www.minicity.it\/blog\/wp-json\/wp\/v2\/posts\/4380\/revisions"}],"wp:attachment":[{"href":"https:\/\/www.minicity.it\/blog\/wp-json\/wp\/v2\/media?parent=4380"}],"wp:term":[{"taxonomy":"category","embeddable":true,"href":"https:\/\/www.minicity.it\/blog\/wp-json\/wp\/v2\/categories?post=4380"},{"taxonomy":"post_tag","embeddable":true,"href":"https:\/\/www.minicity.it\/blog\/wp-json\/wp\/v2\/tags?post=4380"}],"curies":[{"name":"wp","href":"https:\/\/api.w.org\/{rel}","templated":true}]}}