{"id":4486,"date":"2014-09-12T13:29:15","date_gmt":"2014-09-12T13:29:15","guid":{"rendered":"https:\/\/www.minicity.it\/blog\/?p=4486"},"modified":"2014-09-12T13:29:15","modified_gmt":"2014-09-12T13:29:15","slug":"festival-internazionale-della-danza-e-della-musica-le-spiagge-ditalia-a-riccione","status":"publish","type":"post","link":"https:\/\/www.minicity.it\/blog\/2014\/09\/festival-internazionale-della-danza-e-della-musica-le-spiagge-ditalia-a-riccione\/","title":{"rendered":"Festival Internazionale della Danza e della Musica &#8220;Le spiagge d&#8217;Italia&#8221; a Riccione"},"content":{"rendered":"<p>Anche quest\u2019anno Riccione ospiter\u00e0 il<strong> Festival della Danza e della Musica \u2018Le spiagge d\u2019Italia\u2019 giunto alla sua 11\u00b0 edizione<\/strong>. A partire <strong>dal 19 settembre e per tre giorni<\/strong>, la kermesse si terr\u00e0 nelle vie del centro della cittadina romagnola e a Piazzetta del Faro ma nell\u2019eventualit\u00e0 di brutto tempo, sar\u00e0 dirottata al Teatro del Mare, in via Don Minzoni 1 angolo con la famosa via Ceccarini.<\/p>\n<p>La manifestazione, creata dall\u2019Associazione \u2018Cultura in movimento\u2019, \u00e8 nata per divulgare gli usi ed il folklore di tutto il mondo, sia per promuovere aspetti culturali di altri popoli, che per non dimenticare le tradizioni, vero valore aggiunto di ogni nazione. Molti i paesi partecipanti provenienti dall\u2019Europa tra i quali Russia, Ungheria, Estonia, Bulgaria, Lettonia, Ucraina, ovviamente l\u2019Italia e altri ancora. Il men\u00f9 del programma prevede gruppi di artisti che si esibiranno in differenti generi del ballo: dal folklore alla danza moderna, dal jazz ballet al fashion theatre. Colorata come sempre la manifestazione prevede gruppi che sfileranno con i loro tradizionali costumi e spettacoli per tutti i gusti. In totale saranno oltre cinquecento gli artisti presenti e 19 i gruppi folkloristici che si esibiranno per le vie di Riccione secondo il programma seguente:<\/p>\n<ul>\n<li><strong>venerd\u00ec 19<\/strong>, a partire dalle 11.00 sfilata dei gruppi folkloristici con partenza dai giardini Alba da viale Dante angolo via Cilea fino alla Piazzetta del Faro a cui seguir\u00e0 il saluto delle autorit\u00e0 alle 12,30 a Villa Mussolini.<\/li>\n<li><strong>sabato 20<\/strong>, alla Piazzetta del Faro dalle 17,30 fino 23,00 (con sosta dalle 19,30 alle 21,00) spettacolo di danza e musica dei gruppi.<\/li>\n<li><strong>domenica 21<\/strong>, l\u2019ultimo giorno del Festival vedr\u00e0 i gruppi impegnati sempre alla Piazzetta del Faro con lo stesso orario del giorno precedente, ossia dalle 17,30 fino alle 23 con la solita pausa intermedia.<\/li>\n<\/ul>\n<p>La manifestazione si volge a Riccione sin dal 2009, che \u00e8 subentrata al Iesolo che ospit\u00f2 le prime manifestazioni e poi a Roseto degli Abruzzi.<\/p>\n<p><strong>Foto edizione 2013:<\/strong><\/p>\n<p><a href=\"https:\/\/www.minicity.it\/blog\/wp-content\/uploads\/2014\/09\/Le-spiagge-d\u2019Italia-riccione-2014.jpg\"><img loading=\"lazy\" decoding=\"async\" class=\"aligncenter size-full wp-image-4488\" src=\"https:\/\/www.minicity.it\/blog\/wp-content\/uploads\/2014\/09\/Le-spiagge-d\u2019Italia-riccione-2014.jpg\" alt=\"Le spiagge d\u2019Italia riccione 2014\" width=\"500\" height=\"500\" \/><\/a><\/p>\n<p>Come per i precedenti Festival, anche quest\u2019anno l\u2019Assessorato al Turismo del Comune di Riccione si \u00e8 impegnato in una fattiva collaborazione con l\u2019Associazione \u2018Cultura in Movimento\u2019 che ha avuto anche la partnership di \u2018Sopravista Events\u2019, segnale inequivocabile del valore dell&#8217;evento.<\/p>\n<p>Informazioni dettagliate si possono richiedere telefonicamente a Sopravista Events allo 0541 415434 oppure direttamente a \u2018Cultura in Movimento\u2019 allo 06 99802371. In alternativa si pu\u00f2 visitare il sito turistico del Comune di Riccione per avere ulteriori informazioni e indicazioni utili. Chi decider\u00e0 di recarsi a Riccione per il Festival, pu\u00f2 approfittare dell&#8217;occasione per visitare uno dei tanti parchi tematici della Riviera Romagnola.<\/p>\n<p>Fonte immagine: <a href=\"http:\/\/www.comune.riccione.rn.it\/Engine\/RAServePG.php\/P\/105791RIC0300\/M\/39051RIC0301\/T\/Festival-Internazionale-della-Danza-e-della-Musica-Le-spiagge-dItalia-X-ediz\" target=\"_blank\">Comune di Riccione<\/a>.<\/p>\n","protected":false},"excerpt":{"rendered":"<p>Anche quest&rsquo;anno Riccione ospiter&agrave; il Festival della Danza e della Musica &lsquo;Le spiagge d&rsquo;Italia&rsquo; giunto alla sua 11&deg; edizione. A partire dal 19 settembre e per tre giorni, la kermesse si terr&agrave; nelle vie del centro della cittadina romagnola e a Piazzetta del Faro ma nell&rsquo;eventualit&agrave; di brutto tempo, sar&agrave; dirottata al Teatro del Mare, &#8230;<a class=\"post-readmore\" href=\"https:\/\/www.minicity.it\/blog\/2014\/09\/festival-internazionale-della-danza-e-della-musica-le-spiagge-ditalia-a-riccione\/\">read more<\/a><\/p>\n","protected":false},"author":1,"featured_media":0,"comment_status":"open","ping_status":"open","sticky":false,"template":"","format":"standard","meta":{"footnotes":""},"categories":[3],"tags":[34],"class_list":["post-4486","post","type-post","status-publish","format-standard","hentry","category-turismo","tag-riccione"],"aioseo_notices":[],"_links":{"self":[{"href":"https:\/\/www.minicity.it\/blog\/wp-json\/wp\/v2\/posts\/4486","targetHints":{"allow":["GET"]}}],"collection":[{"href":"https:\/\/www.minicity.it\/blog\/wp-json\/wp\/v2\/posts"}],"about":[{"href":"https:\/\/www.minicity.it\/blog\/wp-json\/wp\/v2\/types\/post"}],"author":[{"embeddable":true,"href":"https:\/\/www.minicity.it\/blog\/wp-json\/wp\/v2\/users\/1"}],"replies":[{"embeddable":true,"href":"https:\/\/www.minicity.it\/blog\/wp-json\/wp\/v2\/comments?post=4486"}],"version-history":[{"count":0,"href":"https:\/\/www.minicity.it\/blog\/wp-json\/wp\/v2\/posts\/4486\/revisions"}],"wp:attachment":[{"href":"https:\/\/www.minicity.it\/blog\/wp-json\/wp\/v2\/media?parent=4486"}],"wp:term":[{"taxonomy":"category","embeddable":true,"href":"https:\/\/www.minicity.it\/blog\/wp-json\/wp\/v2\/categories?post=4486"},{"taxonomy":"post_tag","embeddable":true,"href":"https:\/\/www.minicity.it\/blog\/wp-json\/wp\/v2\/tags?post=4486"}],"curies":[{"name":"wp","href":"https:\/\/api.w.org\/{rel}","templated":true}]}}