{"id":450,"date":"2011-03-10T12:24:25","date_gmt":"2011-03-10T12:24:25","guid":{"rendered":"https:\/\/www.minicity.it\/blog\/?p=450"},"modified":"2011-03-10T12:24:25","modified_gmt":"2011-03-10T12:24:25","slug":"sagra-della-seppia-cervia-sapori-della-romagna","status":"publish","type":"post","link":"https:\/\/www.minicity.it\/blog\/2011\/03\/sagra-della-seppia-cervia-sapori-della-romagna\/","title":{"rendered":"Sagra della Seppia a Cervia con i Sapori della Romagna"},"content":{"rendered":"<p><a href=\"https:\/\/www.minicity.it\/blog\/wp-content\/uploads\/2011\/03\/sagradellaseppia.jpg\" target=\"_blank\"><img loading=\"lazy\" decoding=\"async\" class=\"alignleft size-full wp-image-451\" style=\"margin: 5px 8px;\" title=\"sagradellaseppia\" src=\"https:\/\/www.minicity.it\/blog\/wp-content\/uploads\/2011\/03\/sagradellaseppia.jpg\" alt=\"\" width=\"150\" height=\"100\" \/><\/a>In arrivo 10mila persone in occasione dell&#8217;evento che riparte con i &#8220;Sapori della Romagna&#8221;&#8230;<\/p>\n<p><strong>CERVIA.<\/strong> La sagra della Seppia si svolger\u00e0 a Pinarella e si prevede l&#8217;arrivo di 10 mila persone da tutta Italia per gustare gli &#8220;Antichi sapori della Romagna&#8221;. Ad organizzare la sagra ci saranno 180 volontari e si doner\u00e0 un pulmino alla casa di riposo.<\/p>\n<p>Si parte domenica in spiaggia con il capannino del fritto al cartoccio con i fuochi d&#8217;artificio alla sera. Mercoled\u00ec negli stand del centro commerciale, saranno dedicati alcuni men\u00f9 alla festa dei 150 anni dell&#8217;unit\u00e0 d&#8217;Italia e nella sera si esibiranno l&#8217;orchestra &#8220;Renzo e Luana&#8221;, mentre nelle serate successive arriveranno Luca Bergamini e la I-Band.<\/p>\n<p>Al centro della Sagra come si pu\u00f2 intendere dal nome, saranno i piatti a base di seppia e sale di cervia. La sagra si concluder\u00e0 domenica 20 marzo e impiegher\u00e0 uno sforzo notevole per l&#8217;organizzazione del tutto che \u00e8 partito gi\u00e0 da 2 settimane.<\/p>\n<p>L&#8217;evento servir\u00e0 anche per dare visibilit\u00e0 alla localit\u00e0 dove in tanti arriveranno da fuori e soggiorneranno in hotel, appartamenti, camper e faranno girare l&#8217;economia della citt\u00e0 alle porte della stagione estiva&#8230;<\/p>\n<p>Prossimo evento in attesa \u00e8 il Festival dell&#8217;aquilone che si terr\u00e0 il 22 maggio&#8230;<\/p>\n","protected":false},"excerpt":{"rendered":"<p>In arrivo 10mila persone in occasione dell&rsquo;evento che riparte con i &ldquo;Sapori della Romagna&rdquo;&hellip; CERVIA. La sagra della Seppia si svolger&agrave; a Pinarella e si prevede l&rsquo;arrivo di 10 mila persone da tutta Italia per gustare gli &ldquo;Antichi sapori della Romagna&rdquo;. Ad organizzare la sagra ci saranno 180 volontari e si doner&agrave; un pulmino alla &#8230;<a class=\"post-readmore\" href=\"https:\/\/www.minicity.it\/blog\/2011\/03\/sagra-della-seppia-cervia-sapori-della-romagna\/\">read more<\/a><\/p>\n","protected":false},"author":1,"featured_media":0,"comment_status":"open","ping_status":"open","sticky":false,"template":"","format":"standard","meta":{"footnotes":""},"categories":[3],"tags":[20,33],"class_list":["post-450","post","type-post","status-publish","format-standard","hentry","category-turismo","tag-cervia","tag-eventi-riviera"],"aioseo_notices":[],"_links":{"self":[{"href":"https:\/\/www.minicity.it\/blog\/wp-json\/wp\/v2\/posts\/450","targetHints":{"allow":["GET"]}}],"collection":[{"href":"https:\/\/www.minicity.it\/blog\/wp-json\/wp\/v2\/posts"}],"about":[{"href":"https:\/\/www.minicity.it\/blog\/wp-json\/wp\/v2\/types\/post"}],"author":[{"embeddable":true,"href":"https:\/\/www.minicity.it\/blog\/wp-json\/wp\/v2\/users\/1"}],"replies":[{"embeddable":true,"href":"https:\/\/www.minicity.it\/blog\/wp-json\/wp\/v2\/comments?post=450"}],"version-history":[{"count":0,"href":"https:\/\/www.minicity.it\/blog\/wp-json\/wp\/v2\/posts\/450\/revisions"}],"wp:attachment":[{"href":"https:\/\/www.minicity.it\/blog\/wp-json\/wp\/v2\/media?parent=450"}],"wp:term":[{"taxonomy":"category","embeddable":true,"href":"https:\/\/www.minicity.it\/blog\/wp-json\/wp\/v2\/categories?post=450"},{"taxonomy":"post_tag","embeddable":true,"href":"https:\/\/www.minicity.it\/blog\/wp-json\/wp\/v2\/tags?post=450"}],"curies":[{"name":"wp","href":"https:\/\/api.w.org\/{rel}","templated":true}]}}