{"id":4502,"date":"2015-11-23T11:01:37","date_gmt":"2015-11-23T11:01:37","guid":{"rendered":"https:\/\/www.minicity.it\/blog\/?p=4502"},"modified":"2015-11-24T14:18:21","modified_gmt":"2015-11-24T14:18:21","slug":"rimini-wellness-fiera-a-rimini-2016","status":"publish","type":"post","link":"https:\/\/www.minicity.it\/blog\/2015\/11\/rimini-wellness-fiera-a-rimini-2016\/","title":{"rendered":"RIMINI WELLNESS Fiera A Rimini 2016"},"content":{"rendered":"<p>Anche nel <strong>2016<\/strong> andr\u00e0 a rinnovarsi l\u2019appuntamento, ormai divenuto istituzionale, con il <strong>Rimini wellness<\/strong>, la pi\u00f9 grande manifestazione espositiva nazionale interamente dedicata al fitness, al benessere e allo sport.<\/p>\n<p><a href=\"https:\/\/www.minicity.it\/blog\/wp-content\/uploads\/2015\/11\/rimini-wellness-2016-fiera-rimini.jpg\"><img loading=\"lazy\" decoding=\"async\" class=\"aligncenter size-full wp-image-4503\" src=\"https:\/\/www.minicity.it\/blog\/wp-content\/uploads\/2015\/11\/rimini-wellness-2016-fiera-rimini.jpg\" alt=\"rimini wellness 2016 fiera rimini\" width=\"700\" height=\"469\" \/><\/a><\/p>\n<p>L\u2019evento, che avr\u00e0 luogo <strong>dal 2 al 5 di Giugno<\/strong>, si svolger\u00e0 presso la <strong>Fiera di Rimini<\/strong> con sede in via Emilia 155 e, come di consueto, aspira a rivolgersi tanto agli operatori specializzati del settore, quanto ai consumatori finali che hanno a cuore la propria salute, la forma fisica e la cura del proprio corpo.<\/p>\n<p><strong>Quello del fitness e del benessere<\/strong> \u00e8 un settore che, fortunatamente, sembra non conoscere crisi; anzi, in un contesto in cui appare sempre pi\u00f9 equivoca e inaffidabile la qualit\u00e0 e provenienza dei cibi che portiamo in tavola, il desiderio di perseguire l\u2019 armonia tra corpo e mente, l\u2019equilibrio fisico e mentale, che passa tassativamente attraverso le dinamiche dello stare bene, appare in continua e inesorabile ascesa.<\/p>\n<p>L\u2019et\u00e0 media dell\u2019uomo si \u00e8 allungata, e con essa si \u00e8 rafforzata la consapevolezza di quanto sia importante vivere e stare bene per tutto il tempo in cui popoliamo il pianeta; nel terzo millennio sono venuti meno i vecchi stereotipi, che volevano che il fitness fosse destinato soltanto alla porzione pi\u00f9 giovane della popolazione.<br \/>\nPer tale motivo il Rimini wellness 2016, forse ancor pi\u00f9 delle edizioni precedenti, sar\u00e0 aperto e rivolto a gente di tutte le fasce d\u2019et\u00e0.<\/p>\n<p>Basta farsi un giro per palestre, piscine, piste ciclabili e campi d\u2019atletica, del resto, per constatare personalmente quanto sia numerosa la trib\u00f9 degli over 50 che praticano sport, delegando all\u2019attivit\u00e0 fisica il compito di mantenere integra a lungo la propria salute.<\/p>\n<p><strong>Oltre che sulle attivit\u00e0 fisiche e le relative attrezzature<\/strong>, in fiera troverete stand e settori dedicati anche all\u2019<strong>abbigliamento sportivo e alla nutrizione<\/strong>; questo perch\u00e9 quello di wellness \u00e8 un concetto ben ampio, che spazia a 360 gradi nel nostro quotidiano.<\/p>\n<p>Non basta allenarsi sodo, se poi si segue un\u2019alimentazione scorretta; oppure, se si \u00e8 pigri ma si ama essere trendy, basta poco per risvegliare la propria voglia di far fitness, magari anche solo un capo sportivo accattivante e piacevole da indossare.<\/p>\n<p>Tutto questo e molto di pi\u00f9, sar\u00e0 il R<strong>imini Wellness 2016<\/strong>.<\/p>\n","protected":false},"excerpt":{"rendered":"<p>Anche nel 2016 andr&agrave; a rinnovarsi l&rsquo;appuntamento, ormai divenuto istituzionale, con il Rimini wellness, la pi&ugrave; grande manifestazione espositiva nazionale interamente dedicata al fitness, al benessere e allo sport. L&rsquo;evento, che avr&agrave; luogo dal 2 al 5 di Giugno, si svolger&agrave; presso la Fiera di Rimini con sede in via Emilia 155 e, come di &#8230;<a class=\"post-readmore\" href=\"https:\/\/www.minicity.it\/blog\/2015\/11\/rimini-wellness-fiera-a-rimini-2016\/\">read more<\/a><\/p>\n","protected":false},"author":1,"featured_media":0,"comment_status":"open","ping_status":"open","sticky":false,"template":"","format":"standard","meta":{"footnotes":""},"categories":[3],"tags":[46],"class_list":["post-4502","post","type-post","status-publish","format-standard","hentry","category-turismo","tag-fiere-rimini"],"aioseo_notices":[],"_links":{"self":[{"href":"https:\/\/www.minicity.it\/blog\/wp-json\/wp\/v2\/posts\/4502","targetHints":{"allow":["GET"]}}],"collection":[{"href":"https:\/\/www.minicity.it\/blog\/wp-json\/wp\/v2\/posts"}],"about":[{"href":"https:\/\/www.minicity.it\/blog\/wp-json\/wp\/v2\/types\/post"}],"author":[{"embeddable":true,"href":"https:\/\/www.minicity.it\/blog\/wp-json\/wp\/v2\/users\/1"}],"replies":[{"embeddable":true,"href":"https:\/\/www.minicity.it\/blog\/wp-json\/wp\/v2\/comments?post=4502"}],"version-history":[{"count":0,"href":"https:\/\/www.minicity.it\/blog\/wp-json\/wp\/v2\/posts\/4502\/revisions"}],"wp:attachment":[{"href":"https:\/\/www.minicity.it\/blog\/wp-json\/wp\/v2\/media?parent=4502"}],"wp:term":[{"taxonomy":"category","embeddable":true,"href":"https:\/\/www.minicity.it\/blog\/wp-json\/wp\/v2\/categories?post=4502"},{"taxonomy":"post_tag","embeddable":true,"href":"https:\/\/www.minicity.it\/blog\/wp-json\/wp\/v2\/tags?post=4502"}],"curies":[{"name":"wp","href":"https:\/\/api.w.org\/{rel}","templated":true}]}}