{"id":4506,"date":"2015-11-24T13:33:38","date_gmt":"2015-11-24T13:33:38","guid":{"rendered":"https:\/\/www.minicity.it\/blog\/?p=4506"},"modified":"2015-11-24T14:17:33","modified_gmt":"2015-11-24T14:17:33","slug":"capodanno-a-rimini-eventi-cosa-fare-e-visitare-in-vacanza","status":"publish","type":"post","link":"https:\/\/www.minicity.it\/blog\/2015\/11\/capodanno-a-rimini-eventi-cosa-fare-e-visitare-in-vacanza\/","title":{"rendered":"Capodanno a Rimini: eventi, cosa fare e visitare in vacanza"},"content":{"rendered":"<p>Manca poco pi\u00f9 di un mese al <b>Capodanno<\/b> e sin da ora si inizia a pensare a come trascorrere l&#8217;ultimo dell&#8217;anno e soprattutto dove. Tra le tante localit\u00e0 molto frequentate il 31 dicembre c&#8217;\u00e8 sicuramente <b>Rimini<\/b>. La citt\u00e0 romagnola, oltre ad essere una meta ambita e frequentata durante l&#8217;estate, sa difendersi bene anche nella stagione invernale.<\/p>\n<p><a href=\"https:\/\/www.minicity.it\/blog\/wp-content\/uploads\/2015\/11\/capodanno-rimini-2016.jpg\"><img loading=\"lazy\" decoding=\"async\" class=\"aligncenter size-full wp-image-4507\" src=\"https:\/\/www.minicity.it\/blog\/wp-content\/uploads\/2015\/11\/capodanno-rimini-2016.jpg\" alt=\"capodanno rimini 2016\" width=\"700\" height=\"438\" \/><\/a><\/p>\n<p>Per quanto riguarda il <b>Capodanno 2016<\/b>, tanti sono gli eventi che la citt\u00e0 sta organizzando per accogliere quanti pi\u00f9 turisti possibile per l&#8217;ultimo dell&#8217;anno.<\/p>\n<p>Come qualsiasi altra citt\u00e0 che si voglia rispettare, anche Rimini avr\u00e0 il suo<b> mega concerto di Capodanno<\/b>: l&#8217;anno scorso fu il trio composto da Max Gazz\u00e8, Daniele Silvestri e Niccol\u00f2 Fabi ad intrattenere i presenti con le loro canzoni strambe, ma importanti. Per quest&#8217;anno ancora non \u00e8 stato svelato il nome di chi canter\u00e0 in Piazzale Fellini a Rimini, ma il divertimento \u00e8 assicurato.<\/p>\n<p>Oltre alla musica, per\u00f2, numerose sono le <b>visite guidate<\/b> organizzate da <b>Discover Rimini<\/b> che vi porteranno alla scoperta dei monumenti e della storia della citt\u00e0:<\/p>\n<ul>\n<li><strong>il 30 dicembre<\/strong> &#8216;Arte e passione libraria nella Rimini del Seicento&#8217; presso la Chiesa di San Giovanni Battista;<\/li>\n<li><strong>il 31 Dicembre<\/strong>: &#8216;Rimini svelata&#8217;, una passeggiata culturale alla scoperta dei gioielli d&#8217;arte della citt\u00e0 presso l&#8217;Arco d&#8217;Augusto.<\/li>\n<li><strong>il 2 Gennaio<\/strong>: Augusto e l&#8217;aquila imperiale. La citt\u00e0 romana di Ariminum nella prima et\u00e0 imperiale sempre presso l&#8217;Arco d&#8217;Augusto;<\/li>\n<li><strong>il 3 Gennaio:<\/strong> &#8216;Piero e Sigismondo nella Rimini del Rinascimento&#8217; presso il Tempio Malatestiano.<\/li>\n<\/ul>\n<p>Per chi, invece, non vuole saperne di cultura e musica, la citt\u00e0 di Rimini offre un&#8217;altra attrazione, il <b>Rimini Ice Village<\/b>. Si tratta di un villaggio natalizio che viene allestito sulla spiaggia, precisamente su quella libera di Piazzale Boscovich, su un&#8217;area che ha al suo interno ben <b>2 piste di ghiaccio<\/b> da 750 mq. Qui tutti potranno divertirsi a pattinare, sia i bambini che i pi\u00f9 grandi, e inoltre saranno presenti anche tantissimi mercatini di artigianato e a tema per festeggiare tutti insieme. Sempre presso la spiaggia di Piazzale Boscovich sar\u00e0 inoltre allestito un <b>presepe di sabbia<\/b>, qualcosa di unico e speciale che rester\u00e0 fino al 6 gennaio e all&#8217;arrivo dei Re Magi. Un&#8217;altra pista di pattinaggio sar\u00e0 allestita al Rimini Christmas Square, in Piazza Cavour.<\/p>\n<p>Ma Capodanno \u00e8 anche <b>cenone<\/b> e per chi volesse trascorrere l&#8217;ultimo dell&#8217;anno a gustare un&#8217;ottima cena accompagnata da divertimento e musica allora la destinazione \u00e8 <b>il Bounty<\/b>: qui da 25 anni si festeggia il <b>Capodanno Pirata<\/b>, una festa che non solo vi delizier\u00e0 con le prelibatezze delle portate (due primi e due secondi, bibite illimitate e bottiglia per il brindisi finale), ma che vi far\u00e0 ballare grazie alla musica dei dj presenti che sceglieranno brani dagli anni 60 ad oggi. Per chi volesse, c&#8217;\u00e8 anche la possibilit\u00e0 di pernottare presso uno dei tantissimi hotel convenzionati.<br \/>\nC&#8217;\u00e8 davvero l&#8217;imbarazzo della scelta!<\/p>\n","protected":false},"excerpt":{"rendered":"<p>Manca poco pi&ugrave; di un mese al Capodanno e sin da ora si inizia a pensare a come trascorrere l&rsquo;ultimo dell&rsquo;anno e soprattutto dove. Tra le tante localit&agrave; molto frequentate il 31 dicembre c&rsquo;&egrave; sicuramente Rimini. La citt&agrave; romagnola, oltre ad essere una meta ambita e frequentata durante l&rsquo;estate, sa difendersi bene anche nella stagione &#8230;<a class=\"post-readmore\" href=\"https:\/\/www.minicity.it\/blog\/2015\/11\/capodanno-a-rimini-eventi-cosa-fare-e-visitare-in-vacanza\/\">read more<\/a><\/p>\n","protected":false},"author":1,"featured_media":0,"comment_status":"open","ping_status":"open","sticky":false,"template":"","format":"standard","meta":{"footnotes":""},"categories":[3],"tags":[53,10],"class_list":["post-4506","post","type-post","status-publish","format-standard","hentry","category-turismo","tag-capodanno-rimini","tag-rimini"],"aioseo_notices":[],"_links":{"self":[{"href":"https:\/\/www.minicity.it\/blog\/wp-json\/wp\/v2\/posts\/4506","targetHints":{"allow":["GET"]}}],"collection":[{"href":"https:\/\/www.minicity.it\/blog\/wp-json\/wp\/v2\/posts"}],"about":[{"href":"https:\/\/www.minicity.it\/blog\/wp-json\/wp\/v2\/types\/post"}],"author":[{"embeddable":true,"href":"https:\/\/www.minicity.it\/blog\/wp-json\/wp\/v2\/users\/1"}],"replies":[{"embeddable":true,"href":"https:\/\/www.minicity.it\/blog\/wp-json\/wp\/v2\/comments?post=4506"}],"version-history":[{"count":0,"href":"https:\/\/www.minicity.it\/blog\/wp-json\/wp\/v2\/posts\/4506\/revisions"}],"wp:attachment":[{"href":"https:\/\/www.minicity.it\/blog\/wp-json\/wp\/v2\/media?parent=4506"}],"wp:term":[{"taxonomy":"category","embeddable":true,"href":"https:\/\/www.minicity.it\/blog\/wp-json\/wp\/v2\/categories?post=4506"},{"taxonomy":"post_tag","embeddable":true,"href":"https:\/\/www.minicity.it\/blog\/wp-json\/wp\/v2\/tags?post=4506"}],"curies":[{"name":"wp","href":"https:\/\/api.w.org\/{rel}","templated":true}]}}