{"id":4515,"date":"2016-01-28T09:50:54","date_gmt":"2016-01-28T09:50:54","guid":{"rendered":"https:\/\/www.minicity.it\/blog\/?p=4515"},"modified":"2016-01-28T09:50:54","modified_gmt":"2016-01-28T09:50:54","slug":"festival-della-romagna-a-cervia-2016","status":"publish","type":"post","link":"https:\/\/www.minicity.it\/blog\/2016\/01\/festival-della-romagna-a-cervia-2016\/","title":{"rendered":"Festival della Romagna a Cervia 2016"},"content":{"rendered":"<p><strong>Il Festival della Romagna<\/strong> sta per giungere alla sua quarta edizione: <strong>dal 16 al 19 giugno 2016<\/strong>, infatti, il <strong>Comune di Cervia<\/strong> aprir\u00e0 la stagione estiva, diventando luogo di incontro per grandi e bambini provenienti da tutta Italia. Se nel 2015 era stata la generosit\u00e0 della gente romagnola a fare da filo conduttore dell&#8217;evento, stavolta i partecipanti verranno coinvolti in un percorso multiforme volto a celebrare la passione degli abitanti della Romagna, le loro abilit\u00e0 e l\u2019eclettismo, attraverso una serie di manifestazioni che ripercorreranno la storia e la cultura di questa terra, sfruttando al massimo le bellezze naturali che la localit\u00e0 di Milano Marittima offre.<\/p>\n<p><img loading=\"lazy\" decoding=\"async\" class=\"aligncenter size-full wp-image-4516\" src=\"https:\/\/www.minicity.it\/blog\/wp-content\/uploads\/2016\/01\/festival-della-romagna.jpg\" alt=\"festival della romagna\" width=\"700\" height=\"317\" \/><\/p>\n<p>Lo scopo principale della rassegna \u00e8 rappresentare la Romagna tutta, in ogni sua sfaccettatura e attraverso le pi\u00f9 svariate forme creative, dalla musica, alle arti visive, fino alla gastronomia e all\u2019artigianato. Cittadini, turisti, ma anche autorit\u00e0 e personalit\u00e0 illustri, potranno godere di spettacoli di ogni genere, mostre, mercati, e poi corsi di cucina, laboratori, degustazioni, eventi mondani e sportivi.<\/p>\n<p>Gli ingressi alle varie attivit\u00e0, concentrate prevalentemente presso i Magazzini del sale, Piazza Garibaldi, Torre San Michele e il lungomare, saranno gratuiti, e di agevole accesso anche per i disabili: se si vuole avere il programma dettagliato e le indicazioni stradali per raggiungere i principali luoghi d\u2019interesse \u00e8 possibile consultare il sito <a href=\"http:\/\/www.festivaldellaromagna.it\/\" target=\"_blank\"><strong>www.festivaldellaromagna.it<\/strong><\/a> o la pagina web del <strong>Comune di Cervia<\/strong>, nella quale sono forniti i numeri di telefono e i contatti email a cui richiedere, eventualmente, ulteriori informazioni. Nella stessa sede, fra le altre cose, vengono <a href=\"http:\/\/www.familyhotelresidence.it\" target=\"_blank\"><strong>suggeriti una serie di hotel a Cervia<\/strong><\/a>, B&amp;B e centri benessere per chi volesse soggiornare nelle vicinanze: molti di questi propongono sin da ora pacchetti offerta per il periodo in cui si svolger\u00e0 il Festival della Romagna, e metteranno sicuramente a disposizione degli utenti last minute interessanti.<\/p>\n<p>Particolarmente rinomato, nell\u2019ambito di tale clima vivace e variegato, \u00e8 il Vip Master Tennis, che anche nel 2016, precisamente l\u2019<strong>8 e il 9 Luglio<\/strong>, terr\u00e0 la sua ventiseiesima edizione presso il <strong>Circolo Tennis di Milano Marittima<\/strong>, e vedr\u00e0 di nuovo protagonisti tantissimi personaggi del mondo dello spettacolo, i quali si sfideranno nel campo centrale in terra rossa, allietando qua e l\u00e0 gli spettatori con simpatiche gag.<\/p>\n<p>Inutile ricordare che, dietro tutto ci\u00f2, c\u2019\u00e8 sempre un ampio sistema di sponsorship, le cui aziende e gli enti interessati saranno per l\u2019occasione presenti ed attivi sul posto; inevitabilmente forte \u00e8 la risonanza mediatica: strade, piazze e locali pullulano ogni anno di paparazzi in cerca di gossip, operatori televisivi, giornalisti e critici di varie testate, accorsi per documentare un avvenimento di siffatta portata. All\u2019indirizzo internet del <strong>Vip Master Tennis<\/strong> si pu\u00f2 visitare la galleria fotografica dello scorso anno, ed \u00e8 inoltre gi\u00e0 possibile sapere l\u2019orario di inizio dei tornei del 2016, quello della premiazione \u201cVip Amici del Mare\u201d, e della cena di chiusura.<\/p>\n<p>Una vera e propria vetrina per la \u201ccitt\u00e0 giardino\u201d di Milano Marittima, il suo borgo di pescatori, la secolare pineta, il borgo del sale, nonch\u00e9 per le gi\u00e0 celebri spiagge e l\u2019eccellenza ricettiva di Cervia.<\/p>\n","protected":false},"excerpt":{"rendered":"<p>Il Festival della Romagna sta per giungere alla sua quarta edizione: dal 16 al 19 giugno 2016, infatti, il Comune di Cervia aprir&agrave; la stagione estiva, diventando luogo di incontro per grandi e bambini provenienti da tutta Italia. Se nel 2015 era stata la generosit&agrave; della gente romagnola a fare da filo conduttore dell&rsquo;evento, stavolta &#8230;<a class=\"post-readmore\" href=\"https:\/\/www.minicity.it\/blog\/2016\/01\/festival-della-romagna-a-cervia-2016\/\">read more<\/a><\/p>\n","protected":false},"author":1,"featured_media":0,"comment_status":"open","ping_status":"open","sticky":false,"template":"","format":"standard","meta":{"footnotes":""},"categories":[3],"tags":[20],"class_list":["post-4515","post","type-post","status-publish","format-standard","hentry","category-turismo","tag-cervia"],"aioseo_notices":[],"_links":{"self":[{"href":"https:\/\/www.minicity.it\/blog\/wp-json\/wp\/v2\/posts\/4515","targetHints":{"allow":["GET"]}}],"collection":[{"href":"https:\/\/www.minicity.it\/blog\/wp-json\/wp\/v2\/posts"}],"about":[{"href":"https:\/\/www.minicity.it\/blog\/wp-json\/wp\/v2\/types\/post"}],"author":[{"embeddable":true,"href":"https:\/\/www.minicity.it\/blog\/wp-json\/wp\/v2\/users\/1"}],"replies":[{"embeddable":true,"href":"https:\/\/www.minicity.it\/blog\/wp-json\/wp\/v2\/comments?post=4515"}],"version-history":[{"count":0,"href":"https:\/\/www.minicity.it\/blog\/wp-json\/wp\/v2\/posts\/4515\/revisions"}],"wp:attachment":[{"href":"https:\/\/www.minicity.it\/blog\/wp-json\/wp\/v2\/media?parent=4515"}],"wp:term":[{"taxonomy":"category","embeddable":true,"href":"https:\/\/www.minicity.it\/blog\/wp-json\/wp\/v2\/categories?post=4515"},{"taxonomy":"post_tag","embeddable":true,"href":"https:\/\/www.minicity.it\/blog\/wp-json\/wp\/v2\/tags?post=4515"}],"curies":[{"name":"wp","href":"https:\/\/api.w.org\/{rel}","templated":true}]}}